{"id":122851,"date":"2026-01-01T19:14:16","date_gmt":"2026-01-01T19:14:16","guid":{"rendered":"https:\/\/www.europesays.com\/se\/122851\/"},"modified":"2026-01-01T19:14:16","modified_gmt":"2026-01-01T19:14:16","slug":"stormen-johannes-kraver-omfattande-insatser-fran-elnatsforetagen-och-nu-ar-anna-har","status":"publish","type":"post","link":"https:\/\/www.europesays.com\/se\/122851\/","title":{"rendered":"Stormen Johannes kr\u00e4ver omfattande insatser fr\u00e5n eln\u00e4tsf\u00f6retagen \u2013 och nu \u00e4r Anna h\u00e4r"},"content":{"rendered":"<p>Under mellandagarna orsakade stormen Johannes stora skador i form av m\u00e4ngder av nedfallna tr\u00e4d som i sin tur orsakat str\u00f6mavbrott i regionn\u00e4t och lokaln\u00e4t. M\u00e5nga hush\u00e5ll har drabbats av str\u00f6mavbrott och p\u00e5 sina h\u00e5ll l\u00e5ngvariga s\u00e5dana,\u00a0<a href=\"https:\/\/www.krisinformation.se\/nyheter\/2025\/december\/varningar-for-vind-och-sno-i-stora-delar-av-landet\/\" rel=\"nofollow noopener\" target=\"_blank\">framf\u00f6r allt i mellersta och norra Sverige<\/a>. Flera tusen hush\u00e5ll \u00e4r fortfarande utan el (1 januari-26).<\/p>\n<p>Eln\u00e4tsf\u00f6retagen arbetar intensivt f\u00f6r att reparera eln\u00e4tet och f\u00e5 str\u00f6mmen tillbaka till kunderna, samtidigt som s\u00e4kerheten m\u00e5ste komma i f\u00f6rsta hand f\u00f6r de medarbetare som ska kunna r\u00f6ja tr\u00e4d och reparera eln\u00e4ten. <strong>Mats Andersson \u00e4r regionchef Nord hos Energif\u00f6retagen:<\/strong><\/p>\n<p>&#8211; Att arbeta med r\u00f6jningsarbete under sv\u00e5ra f\u00f6rh\u00e5llanden \u00e4r riskfyllt. S\u00e4kerheten kommer alltid i f\u00f6rsta hand f\u00f6r v\u00e5ra medlemsf\u00f6retag, men trots det sker olyckor. Dessv\u00e4rre h\u00e4nde det som inte fick h\u00e4nda i r\u00f6jningsarbetet efter Johannes, att en medarbetare p\u00e5 ett medlemsf\u00f6retag omkom vid r\u00f6jning av tr\u00e4d. Det intr\u00e4ffade \u00e4r oerh\u00f6rt ledsamt och mina tankar g\u00e5r till anh\u00f6riga, v\u00e4nner och kollegor.<\/p>\n<p>N\u00e4r Sverige drabbas av st\u00f6rre och mer omfattande st\u00f6rningar i elf\u00f6rs\u00f6rjningen aktiveras organisationen <strong>Elsamverkan<\/strong>. Det \u00e4r ett frivilligt samarbete d\u00e4r eln\u00e4tsf\u00f6retagen hj\u00e4lper drabbade f\u00f6retag med personal och materiel f\u00f6r att snabbast m\u00f6jligt se till att kunderna f\u00e5r sin el tillbaka vid en st\u00f6rning. <a href=\"https:\/\/www.svk.se\/siteassets\/om-oss\/rapporter\/2024\/verksamhetsplan-med-investerings--och-finansieringsplan-2025-2027.pdf\" rel=\"nofollow noopener\" target=\"_blank\">Svenska kraftn\u00e4t<\/a> som \u00e4r elberedskapsmyndighet \u00e4r ocks\u00e5 en del av samarbetet. Elsamverkan aktiverades inf\u00f6r stormen Johannes och forts\u00e4tter vara aktiv d\u00e5 <a href=\"https:\/\/www.krisinformation.se\/nyheter\/2025\/december\/rod-varning-for-snofall-och-vind\/\" rel=\"nofollow noopener\" target=\"_blank\">ov\u00e4dret Anna<\/a> nu \u00e4r h\u00e4r.<\/p>\n<p><strong>Peter Johansson, aff\u00e4rsomr\u00e5deschef eln\u00e4t och stadsn\u00e4t p\u00e5 Borl\u00e4nge Energi<\/strong>, \u00e4r ordf\u00f6rande i Elsamverkansomr\u00e5det G\u00e4vle Dala som \u00e4r ett h\u00e5rt drabbat omr\u00e5de:<\/p>\n<p>&#8211; Vid s\u00e5dana h\u00e4r tillf\u00e4llen s\u00e4tts samh\u00e4llet p\u00e5 prov kring hur vi hanterar kritisk infrastruktur som elf\u00f6rs\u00f6rjningen. Elsamverkan \u00e4r verkligen samverkan och samarbete n\u00e4r det \u00e4r som b\u00e4st d\u00e4r vi inte bara arbetar tillsammans f\u00f6retag emellan och hj\u00e4lper varandra med personal och utrustning, utan ocks\u00e5 arbetar t\u00e4tt tillsammans med v\u00e5ra myndigheter. V\u00e5rt gemensamma fokus \u00e4r att s\u00e5 snabbt och s\u00e4kert som m\u00f6jligt f\u00e5 str\u00f6m och v\u00e4rme tillbaka till drabbade kunder. Vi \u00e4r fortsatt i storst\u00f6rningsl\u00e4ge och \u00e4r redo inf\u00f6r \u201dAnna\u201d som nu drar in \u00f6ver landet.<\/p>\n<p>Elsamverkan startade efter flera storst\u00f6rningar som intr\u00e4ffade n\u00e4rmast f\u00f6re och efter millennieskiftet. Eln\u00e4tsf\u00f6retagen tog d\u00e4rmed ansvar f\u00f6r en samh\u00e4llsviktig funktion. Sverige har delats in i sju samverkansomr\u00e5den, med ledningsgrupper i respektive omr\u00e5de. F\u00f6r samordningens skull tr\u00e4ffas ordf\u00f6randegruppen regelbundet \u00e4ven under st\u00f6rningsfria perioder. Det sker ocks\u00e5 <a href=\"https:\/\/www.energiforetagen.se\/medlemsportalen\/medlemsnyheter\/2025\/december\/sattes-pa-prov-av-scenario-sixten--elsamverkansledning-vast-genomforde-stormovning\/\" rel=\"nofollow noopener\" target=\"_blank\">regelbundna \u00f6vningar och utbildningar<\/a>. Samverkan sker bland annat med PTS, Svenska kraftn\u00e4t och L\u00e4nsstyrelserna. <a href=\"https:\/\/www.energiforetagen.se\/energifakta\/elsystemet\/elnatet--distribution-av-el\/elsamverkan\/\" rel=\"nofollow noopener\" target=\"_blank\">L\u00e4s mer om Elsamverkan p\u00e5 Energif\u00f6retagens hemsida<\/a>.<\/p>\n<p><strong>Hitta mer information om det p\u00e5g\u00e5ende l\u00e4get hos Svk.se och Krisinformation.se <\/strong><\/p>\n<p><a href=\"https:\/\/www.svk.se\/siteassets\/om-oss\/rapporter\/2024\/verksamhetsplan-med-investerings--och-finansieringsplan-2025-2027.pdf\" rel=\"nofollow noopener\" target=\"_blank\">Svenska kraftn\u00e4t, som \u00e4r elberedskapsmyndighet, f\u00f6ljer utvecklingen och skriver p\u00e5 sin hemsida om l\u00e4get i elf\u00f6rs\u00f6rjningen. <\/a><\/p>\n<p>Viktig information finns ocks\u00e5 p\u00e5 <a href=\"https:\/\/www.krisinformation.se\/\" rel=\"nofollow noopener\" target=\"_blank\">Krisinformation.se<\/a><\/p>\n","protected":false},"excerpt":{"rendered":"Under mellandagarna orsakade stormen Johannes stora skador i form av m\u00e4ngder av nedfallna tr\u00e4d som i sin tur&hellip;\n","protected":false},"author":2,"featured_media":122852,"comment_status":"","ping_status":"","sticky":false,"template":"","format":"standard","meta":{"footnotes":""},"categories":[5],"tags":[22,23,26,27,17,21,24,25,28,29,15,16,18,34,31,33,32,30,19,20],"class_list":{"0":"post-122851","1":"post","2":"type-post","3":"status-publish","4":"format-standard","5":"has-post-thumbnail","7":"category-rubriker","8":"tag-breaking-news","9":"tag-breakingnews","10":"tag-featured-news","11":"tag-featurednews","12":"tag-headlines","13":"tag-huvudnyheter","14":"tag-latest-news","15":"tag-latestnews","16":"tag-main-news","17":"tag-mainnews","18":"tag-news","19":"tag-nyheter","20":"tag-rubriker","21":"tag-se","22":"tag-svenska","23":"tag-sverige","24":"tag-sweden","25":"tag-swedish","26":"tag-top-stories","27":"tag-topstories"},"share_on_mastodon":{"url":"https:\/\/pubeurope.com\/@se\/115821442650626004","error":""},"_links":{"self":[{"href":"https:\/\/www.europesays.com\/se\/wp-json\/wp\/v2\/posts\/122851","targetHints":{"allow":["GET"]}}],"collection":[{"href":"https:\/\/www.europesays.com\/se\/wp-json\/wp\/v2\/posts"}],"about":[{"href":"https:\/\/www.europesays.com\/se\/wp-json\/wp\/v2\/types\/post"}],"author":[{"embeddable":true,"href":"https:\/\/www.europesays.com\/se\/wp-json\/wp\/v2\/users\/2"}],"replies":[{"embeddable":true,"href":"https:\/\/www.europesays.com\/se\/wp-json\/wp\/v2\/comments?post=122851"}],"version-history":[{"count":0,"href":"https:\/\/www.europesays.com\/se\/wp-json\/wp\/v2\/posts\/122851\/revisions"}],"wp:featuredmedia":[{"embeddable":true,"href":"https:\/\/www.europesays.com\/se\/wp-json\/wp\/v2\/media\/122852"}],"wp:attachment":[{"href":"https:\/\/www.europesays.com\/se\/wp-json\/wp\/v2\/media?parent=122851"}],"wp:term":[{"taxonomy":"category","embeddable":true,"href":"https:\/\/www.europesays.com\/se\/wp-json\/wp\/v2\/categories?post=122851"},{"taxonomy":"post_tag","embeddable":true,"href":"https:\/\/www.europesays.com\/se\/wp-json\/wp\/v2\/tags?post=122851"}],"curies":[{"name":"wp","href":"https:\/\/api.w.org\/{rel}","templated":true}]}}