{"id":122855,"date":"2026-01-01T19:22:30","date_gmt":"2026-01-01T19:22:30","guid":{"rendered":"https:\/\/www.europesays.com\/se\/122855\/"},"modified":"2026-01-01T19:22:30","modified_gmt":"2026-01-01T19:22:30","slug":"massprotesterna-i-iran-far-stod-av-mossad","status":"publish","type":"post","link":"https:\/\/www.europesays.com\/se\/122855\/","title":{"rendered":"Massprotesterna i Iran f\u00e5r st\u00f6d av Mossad"},"content":{"rendered":"<p>Oroligheterna i Iran har spridit sig till flera st\u00e4der. Och nu varnar riks\u00e5klagaren Mohammad Movahedi-Azad demonstranterna, <a href=\"https:\/\/www.aljazeera.com\/news\/2025\/12\/31\/protests-in-iran-spread-amid-deep-discontent-over-economic-duress\" target=\"_blank\" rel=\"noopener noreferrer nofollow\">rapporterar Al Jazeera<\/a>. F\u00f6rs\u00f6ks att f\u00f6rvandla de ekonomiska protesterna till \u201dverktyg f\u00f6r os\u00e4kerhet\u201d eller \u201df\u00f6rst\u00f6relse av offentlig egendom\u201d kommer inte att tolereras. <\/p>\n<p>\u2013 Det kommer oundvikligen att bem\u00f6tas med ett lagligt, proportionerligt och beslutsamt svar, s\u00e4ger han i statliga medier. <\/p>\n","protected":false},"excerpt":{"rendered":"Oroligheterna i Iran har spridit sig till flera st\u00e4der. Och nu varnar riks\u00e5klagaren Mohammad Movahedi-Azad demonstranterna, rapporterar Al&hellip;\n","protected":false},"author":2,"featured_media":122856,"comment_status":"","ping_status":"","sticky":false,"template":"","format":"standard","meta":{"footnotes":""},"categories":[5],"tags":[22,23,26,27,17,21,24,25,28,29,15,16,18,34,31,33,32,30,19,20],"class_list":{"0":"post-122855","1":"post","2":"type-post","3":"status-publish","4":"format-standard","5":"has-post-thumbnail","7":"category-rubriker","8":"tag-breaking-news","9":"tag-breakingnews","10":"tag-featured-news","11":"tag-featurednews","12":"tag-headlines","13":"tag-huvudnyheter","14":"tag-latest-news","15":"tag-latestnews","16":"tag-main-news","17":"tag-mainnews","18":"tag-news","19":"tag-nyheter","20":"tag-rubriker","21":"tag-se","22":"tag-svenska","23":"tag-sverige","24":"tag-sweden","25":"tag-swedish","26":"tag-top-stories","27":"tag-topstories"},"share_on_mastodon":{"url":"https:\/\/pubeurope.com\/@se\/115821474132339981","error":""},"_links":{"self":[{"href":"https:\/\/www.europesays.com\/se\/wp-json\/wp\/v2\/posts\/122855","targetHints":{"allow":["GET"]}}],"collection":[{"href":"https:\/\/www.europesays.com\/se\/wp-json\/wp\/v2\/posts"}],"about":[{"href":"https:\/\/www.europesays.com\/se\/wp-json\/wp\/v2\/types\/post"}],"author":[{"embeddable":true,"href":"https:\/\/www.europesays.com\/se\/wp-json\/wp\/v2\/users\/2"}],"replies":[{"embeddable":true,"href":"https:\/\/www.europesays.com\/se\/wp-json\/wp\/v2\/comments?post=122855"}],"version-history":[{"count":0,"href":"https:\/\/www.europesays.com\/se\/wp-json\/wp\/v2\/posts\/122855\/revisions"}],"wp:featuredmedia":[{"embeddable":true,"href":"https:\/\/www.europesays.com\/se\/wp-json\/wp\/v2\/media\/122856"}],"wp:attachment":[{"href":"https:\/\/www.europesays.com\/se\/wp-json\/wp\/v2\/media?parent=122855"}],"wp:term":[{"taxonomy":"category","embeddable":true,"href":"https:\/\/www.europesays.com\/se\/wp-json\/wp\/v2\/categories?post=122855"},{"taxonomy":"post_tag","embeddable":true,"href":"https:\/\/www.europesays.com\/se\/wp-json\/wp\/v2\/tags?post=122855"}],"curies":[{"name":"wp","href":"https:\/\/api.w.org\/{rel}","templated":true}]}}