{"id":122868,"date":"2026-01-01T19:45:10","date_gmt":"2026-01-01T19:45:10","guid":{"rendered":"https:\/\/www.europesays.com\/se\/122868\/"},"modified":"2026-01-01T19:45:10","modified_gmt":"2026-01-01T19:45:10","slug":"protesterna-vaxer-i-iran-uppgifter-om-flera-doda","status":"publish","type":"post","link":"https:\/\/www.europesays.com\/se\/122868\/","title":{"rendered":"Protesterna v\u00e4xer i Iran \u2013 uppgifter om flera d\u00f6da"},"content":{"rendered":"<p>Flera personer ska under natten ha d\u00f6dats n\u00e4r s\u00e4kerhetsstyrkor och demonstranter drabbade samman i flera delar av Iran. Inhemska medier och m\u00e4nniskor\u00e4ttsgrupper rapporterar om d\u00f6dsfall i st\u00e4derna Lordegan och Kuhdasht, samt i regionen Isfahan, enligt Reuters.<\/p>\n<p>Irans revolutionsgarde h\u00e4vdar att en medlem i den regimkopplade Basijmilisen har d\u00f6dats och 13 andra skadats i Kuhdasht. Men uppgifterna g\u00e5r is\u00e4r och m\u00e4nniskor\u00e4ttsorganisationen Hengaw menar att den d\u00f6de i sj\u00e4lva verket var en demonstrant, enligt Reuters.<\/p>\n<p><a href=\"https:\/\/www.bbc.com\/news\/articles\/c2d7g8krj2po\" rel=\"nofollow noopener\" target=\"_blank\">Brittiska BBC<\/a> har verifierat filmer fr\u00e5n Kuhdasht som ser ut att visa hur s\u00e4kerhetsstyrkor \u00f6ppnar eld mot demonstranter. L\u00e4ngre s\u00f6derut, i staden Fars, ska en grupp m\u00e4nniskor ha f\u00f6rs\u00f6kt bryta sig in i den lokala regeringsbyggnaden. P\u00e5 filmer fr\u00e5n platsen syns demonstranter forcera porten till guvern\u00f6rens kontor, enligt public service-kanalen.<\/p>\n<p>          <img decoding=\"async\" class=\"picture__img\" src=\"https:\/\/static.bonniernews.se\/ba\/9644656a-5c27-4754-af7f-8281f62d1dea.jpeg?io=1&amp;auto=webp&amp;quality=80&amp;width=520\"   alt=\"P\u00e5 ny\u00e5rsafton utlyste regimen helgdag i hela landet. \u00c5tg\u00e4rden ses som ett s\u00e4tt att st\u00e4vja protesterna.\"\/><\/p>\n<p>      P\u00e5 ny\u00e5rsafton utlyste regimen helgdag i hela landet. \u00c5tg\u00e4rden ses som ett s\u00e4tt att st\u00e4vja protesterna.<\/p>\n<p>      Foto: Atta Kenare\/AFP<\/p>\n<p><strong>Situationen Iran har eskalerat<\/strong> sedan butiks\u00e4gare i Teheran p\u00e5 s\u00f6ndagen st\u00e4ngde sina butiker i protest mot regimens hantering av ekonomin. Sedan dess har studenter fr\u00e5n universiteten anslutit och missn\u00f6jet har spridit sig till andra delar av landet.<\/p>\n<p>Styret pressas h\u00e5rt av en inflation p\u00e5 runt 40 procent och kraftiga sanktioner fr\u00e5n v\u00e4st. Under 2025 tappade den iranska valutan starkt mot dollarn. I somras led ocks\u00e5 regimen ett stort nederlag n\u00e4r USA och Israel angrepp iranska k\u00e4rnanl\u00e4ggningar.<\/p>\n<p>I samband med attackerna uppmanade Israel det iranska folket att revoltera mot ayatolla Ali Khameneis styre. De senaste dagarna har den israeliska s\u00e4kerhetstj\u00e4nsten Mossad skickat samma budskap till iranierna.<\/p>\n<p>\u201dVi \u00e4r med er. Inte bara fr\u00e5n distans och verbalt. Vi \u00e4r med er p\u00e5 marken\u201d, skrev Mossad i ett uttalande p\u00e5 persiska.<\/p>\n<p>          <img decoding=\"async\" class=\"picture__img\" src=\"https:\/\/static.bonniernews.se\/ba\/9d81ded7-2e8b-4b2b-908c-8024c24b7c77.jpeg?io=1&amp;auto=webp&amp;quality=80&amp;width=520\"   alt=\"Den iranska ekonomin g\u00e5r tungt. Inflationen \u00e4r stor och valutan har under 2025 tappat kraftigt mot dollarn.\"\/><\/p>\n<p>      Den iranska ekonomin g\u00e5r tungt. Inflationen \u00e4r stor och valutan har under 2025 tappat kraftigt mot dollarn.<\/p>\n<p>      Foto: Morteza Nikoubazl\/TT<\/p>\n<p><strong>Parallellt med att sammandrabbningarna<\/strong> forts\u00e4tter g\u00f6r regeringen ett f\u00f6rs\u00f6k att gjuta olja p\u00e5 v\u00e5gorna. Myndigheterna i Teheran utlyste p\u00e5 onsdagen en nationell ledig dag, enligt BBC. \u00c5tg\u00e4rden motiverades med att landet beh\u00f6vde spara energi p\u00e5 grund av vinterkylan, men s\u00e5gs av m\u00e5nga som ett s\u00e4tt f\u00f6r regimen att st\u00e4vja protesterna.<\/p>\n<p>Nu bjuder styret ocks\u00e5 in handlare till dialog om det ekonomiska l\u00e4get, enligt en talesperson f\u00f6r regeringen. Det \u00e4r oklart n\u00e4r samtalen ska h\u00e5llas.<\/p>\n<p>Protesterna mot regimen \u00e4r de st\u00f6rsta i Iran sedan de kraftiga demonstrationerna 2022, som utl\u00f6stes av 22-\u00e5riga Mahsa Aminis d\u00f6d. Amini f\u00e4ngslades av sedlighetspolisen i Iran f\u00f6r att hennes sl\u00f6ja inte t\u00e4ckte hennes h\u00e5r tillr\u00e4ckligt mycket. Hon misshandlades sedan till d\u00f6ds i h\u00e4ktet.<\/p>\n","protected":false},"excerpt":{"rendered":"Flera personer ska under natten ha d\u00f6dats n\u00e4r s\u00e4kerhetsstyrkor och demonstranter drabbade samman i flera delar av Iran.&hellip;\n","protected":false},"author":2,"featured_media":122869,"comment_status":"","ping_status":"","sticky":false,"template":"","format":"standard","meta":{"footnotes":""},"categories":[14],"tags":[22,23,26,27,17,21,24,25,28,29,15,16,18,34,31,33,32,30,19,20,51,52,53,54],"class_list":{"0":"post-122868","1":"post","2":"type-post","3":"status-publish","4":"format-standard","5":"has-post-thumbnail","7":"category-varlden","8":"tag-breaking-news","9":"tag-breakingnews","10":"tag-featured-news","11":"tag-featurednews","12":"tag-headlines","13":"tag-huvudnyheter","14":"tag-latest-news","15":"tag-latestnews","16":"tag-main-news","17":"tag-mainnews","18":"tag-news","19":"tag-nyheter","20":"tag-rubriker","21":"tag-se","22":"tag-svenska","23":"tag-sverige","24":"tag-sweden","25":"tag-swedish","26":"tag-top-stories","27":"tag-topstories","28":"tag-varlden","29":"tag-world","30":"tag-world-news","31":"tag-worldnews"},"share_on_mastodon":{"url":"https:\/\/pubeurope.com\/@se\/115821564588700310","error":""},"_links":{"self":[{"href":"https:\/\/www.europesays.com\/se\/wp-json\/wp\/v2\/posts\/122868","targetHints":{"allow":["GET"]}}],"collection":[{"href":"https:\/\/www.europesays.com\/se\/wp-json\/wp\/v2\/posts"}],"about":[{"href":"https:\/\/www.europesays.com\/se\/wp-json\/wp\/v2\/types\/post"}],"author":[{"embeddable":true,"href":"https:\/\/www.europesays.com\/se\/wp-json\/wp\/v2\/users\/2"}],"replies":[{"embeddable":true,"href":"https:\/\/www.europesays.com\/se\/wp-json\/wp\/v2\/comments?post=122868"}],"version-history":[{"count":0,"href":"https:\/\/www.europesays.com\/se\/wp-json\/wp\/v2\/posts\/122868\/revisions"}],"wp:featuredmedia":[{"embeddable":true,"href":"https:\/\/www.europesays.com\/se\/wp-json\/wp\/v2\/media\/122869"}],"wp:attachment":[{"href":"https:\/\/www.europesays.com\/se\/wp-json\/wp\/v2\/media?parent=122868"}],"wp:term":[{"taxonomy":"category","embeddable":true,"href":"https:\/\/www.europesays.com\/se\/wp-json\/wp\/v2\/categories?post=122868"},{"taxonomy":"post_tag","embeddable":true,"href":"https:\/\/www.europesays.com\/se\/wp-json\/wp\/v2\/tags?post=122868"}],"curies":[{"name":"wp","href":"https:\/\/api.w.org\/{rel}","templated":true}]}}