{"id":122898,"date":"2026-01-01T20:36:29","date_gmt":"2026-01-01T20:36:29","guid":{"rendered":"https:\/\/www.europesays.com\/se\/122898\/"},"modified":"2026-01-01T20:36:29","modified_gmt":"2026-01-01T20:36:29","slug":"ellen-key-far-egen-teaterfestival-sa-aktuell","status":"publish","type":"post","link":"https:\/\/www.europesays.com\/se\/122898\/","title":{"rendered":"Ellen Key f\u00e5r egen teaterfestival: \u201dS\u00e5 aktuell\u201d"},"content":{"rendered":"<p class=\"boxtextgrotesk-root_baa6 hyperion-css-7pajle\">Uppdaterad 07.34 | Publicerad 06.30<\/p>\n<p>share-arrowDela<\/p>\n<p>unsaveSpara<\/p>\n<p>chevron-leftf\u00f6reg\u00e5ende<\/p>\n<ul class=\"carousel-container-viewport\" style=\"transform:translate3d(0%, 0, 0)\">\n<li class=\"carousel-slide\" style=\"z-index:1;filter:none(1);padding-bottom:66.68421%\"><img decoding=\"async\" class=\"image-asset hyperion-css-u06ts1\" data-test-tag=\"image-asset\" src=\"https:\/\/www.europesays.com\/se\/wp-content\/uploads\/2026\/01\/4b829975-6bcd-4039-b7fc-60cb52e3629b.jpeg\"  alt=\"\"  fetchpriority=\"auto\" style=\"aspect-ratio:1900 \/ 1267\"\/><\/li>\n<li class=\"carousel-slide\" style=\"filter:none(0.3);padding-bottom:66.68421%\"><img decoding=\"async\" class=\"image-asset hyperion-css-u06ts1\" data-test-tag=\"image-asset\" src=\"https:\/\/www.europesays.com\/se\/wp-content\/uploads\/2026\/01\/176534b2-1154-4673-84f9-5d0d07968303.jpeg\"  alt=\"\"  fetchpriority=\"auto\" style=\"aspect-ratio:524 \/ 563\"\/><\/li>\n<\/ul>\n<p>expand-left<\/p>\n<p>helsk\u00e4rmchevron-rightn\u00e4staLova Kollberg (August Strindberg) och Karin Blom (Ellen Key) i &#8221;Stindberg vs Key&#8221; p\u00e5 Strindbergs Intima Teater. Pressbild.<\/p>\n<p>1 \/ 2Foto: Per Bolkert<\/p>\n<p class=\"hyperion-css-1shl3oz\" data-test-tag=\"lead-text\">Hundra \u00e5r efter sin d\u00f6d f\u00e5r en av Sveriges viktigaste t\u00e4nkare sin egen festival. M\u00e5ngsidigheten och handlingskraften st\u00e5r i fokus n\u00e4r kvinnok\u00e4mpen Ellen Key firas med nyskriven opera och teater.<\/p>\n<p class=\"hyperion-css-1v9qo5x\">\u201dStrindberg vs Key\u201d heter den nya operan, iscensatt av Catarina Gnosspelius, som f\u00e5r urpremi\u00e4r p\u00e5 Strindbergs Intima Teater i Stockholm den 2 januari.<\/p>\n<p class=\"hyperion-css-1v9qo5x\">\u2013 En egensinnig och lekfull f\u00f6rest\u00e4llning med tv\u00e5 operas\u00e5ngerskor och en person p\u00e5 dragspel, f\u00f6rklarar teaterchefen Anna Pettersson.<\/p>\n<p class=\"hyperion-css-1v9qo5x\">Ellen Key och August Strindberg b\u00f6rjade som v\u00e4nner. Men Keys engagemang f\u00f6r kvinnans frig\u00f6relse blev en vagel i \u00f6gat p\u00e5 Strindberg. I romanen \u201dSvarta fanor\u201d blev hon karikerad som den r\u00f6dn\u00e4sta, rysliga \u201dHanna Paj\u201d och den nya operan handlar ocks\u00e5 om tv\u00e5 kombattanter.<\/p>\n<p>Barnets perspektiv<\/p>\n<p class=\"hyperion-css-1v9qo5x\">\u201dDet glada folkbarnet\u201d heter i st\u00e4llet Julia Sporres nyskrivna pj\u00e4s om en l\u00e4rare som b\u00f6rjar ifr\u00e5gas\u00e4tta skolans disciplin\u00e4ra metoder.<\/p>\n<p class=\"hyperion-css-1v9qo5x\">Det var med barnets perspektiv f\u00f6r \u00f6gonen som Ellen Key kritiserade skolan f\u00f6r att likrikta eleverna och pj\u00e4sen \u00e4r inspirerad av hennes tal till den socialdemokratiske partiledaren Hjalmar Branting.<\/p>\n<p class=\"hyperion-css-1v9qo5x\">\u2013 Hon \u00e4r s\u00e5 aktuell med sina tankar om milj\u00f6n, intresset f\u00f6r utbildning och vikten av utbildning f\u00f6r alla. Hon var s\u00e5 mycket i framkant, s\u00e4ger Anna Pettersson som tidigare skrivit pj\u00e4sen \u201dQuinnorna\u201d om Selma Lagerl\u00f6f, Victoria Benedictsson, Elin W\u00e4gner och Ellen Key, fyra f\u00f6rfattare som inte bara skrev utan ocks\u00e5 agerade, framh\u00e5ller Pettersson.<\/p>\n<p class=\"hyperion-css-1v9qo5x\">\u2013 Det var sj\u00e4lvklart f\u00f6r Ellen Key att se p\u00e5 samh\u00e4llet som n\u00e5got som hon var delaktig i och skulle f\u00f6r\u00e4ndra. Hon handlade, det tycker jag var hennes fr\u00e4msta styrka.<\/p>\n<p>Vila upp sig<\/p>\n<p class=\"hyperion-css-1v9qo5x\">Bland annat byggde Ellen Key sitt hem Strand i Omberg f\u00f6r att arbetarklassens kvinnor skulle kunna komma dit och vila upp sig sommartid, framh\u00e5ller Pettersson.<\/p>\n<p class=\"hyperion-css-1v9qo5x\">\u2013 Hela den id\u00e9n finns fortfarande kvar.<\/p>\n<p>FAKTAEllen Key-festival<\/p>\n<p class=\"hyperion-css-jonaf8\">N\u00e4r: 2\u20137\/1 2026.<\/p>\n<p class=\"hyperion-css-jonaf8\">Var: Strindbergs Intima Teater i Stockholm.<\/p>\n<p class=\"hyperion-css-jonaf8\">F\u00f6rest\u00e4llningar och performance: \u201dStrindberg vs Key\u201d, \u201dDet glada folkbarnet\u201d, \u201dMoll\u201d, \u201dAtt stilla sitt hj\u00e4rta\u201d med mera.<\/p>\n<p>L\u00e4s merFAKTAEllen Key-jubileum<\/p>\n<p class=\"hyperion-css-jonaf8\">Levde 1849\u20131926.<\/p>\n<p class=\"hyperion-css-jonaf8\">F\u00f6rfattare, pedagog och feminist som k\u00e4mpade f\u00f6r yttrandefrihet och individens r\u00e4tt. Var en av de f\u00f6rsta att kr\u00e4va kvinnlig r\u00f6str\u00e4tt. S\u00e5g k\u00e4rleken som avg\u00f6rande f\u00f6r ett f\u00f6rh\u00e5llande och menade att sk\u00f6nheten f\u00f6rsummades i industrisamh\u00e4llet.<\/p>\n<p class=\"hyperion-css-jonaf8\">Hennes bok \u201dBarnets \u00e5rhundrade\u201d fick stort inflytande i den pedagogiska debatten och ing\u00e5r i \u201dEn kulturkanon f\u00f6r Sverige\u201d. Key kritiserade skolan f\u00f6r att likforma barnen och hoppades att krig skulle bli om\u00f6jligt om kvinnorna fick r\u00f6str\u00e4tt.<\/p>\n<p class=\"hyperion-css-jonaf8\">Hundra\u00e5rsjubileet uppm\u00e4rksammas \u00e4ven med \u201dEllen Key m\u00e5ste stoppas!\u201d, en musikalperformance av och med Catti Brandelius, Anneli Jordahl och \u00c5sa Johnsen p\u00e5 Tensta konsthall, urpremi\u00e4r 8\/5.<\/p>\n<p class=\"hyperion-css-jonaf8\">23\/7 har Vadstena-Akademin urpremi\u00e4r p\u00e5 den nyskrivna operan \u201dEllen Key\u2013Ormd\u00f6daren\u201d av Daniel Fjellstr\u00f6m och Maria Sundqvist.<\/p>\n<p class=\"hyperion-css-jonaf8\">K\u00e4lla: NE<\/p>\n<p>L\u00e4s mer<\/p>\n","protected":false},"excerpt":{"rendered":"Uppdaterad 07.34 | Publicerad 06.30 share-arrowDela unsaveSpara chevron-leftf\u00f6reg\u00e5ende expand-left helsk\u00e4rmchevron-rightn\u00e4staLova Kollberg (August Strindberg) och Karin Blom (Ellen Key)&hellip;\n","protected":false},"author":2,"featured_media":122899,"comment_status":"","ping_status":"","sticky":false,"template":"","format":"standard","meta":{"footnotes":""},"categories":[67],"tags":[104,34,31,33,32,30,105],"class_list":{"0":"post-122898","1":"post","2":"type-post","3":"status-publish","4":"format-standard","5":"has-post-thumbnail","7":"category-underhallning","8":"tag-entertainment","9":"tag-se","10":"tag-svenska","11":"tag-sverige","12":"tag-sweden","13":"tag-swedish","14":"tag-underhallning"},"share_on_mastodon":{"url":"https:\/\/pubeurope.com\/@se\/115821765150713818","error":""},"_links":{"self":[{"href":"https:\/\/www.europesays.com\/se\/wp-json\/wp\/v2\/posts\/122898","targetHints":{"allow":["GET"]}}],"collection":[{"href":"https:\/\/www.europesays.com\/se\/wp-json\/wp\/v2\/posts"}],"about":[{"href":"https:\/\/www.europesays.com\/se\/wp-json\/wp\/v2\/types\/post"}],"author":[{"embeddable":true,"href":"https:\/\/www.europesays.com\/se\/wp-json\/wp\/v2\/users\/2"}],"replies":[{"embeddable":true,"href":"https:\/\/www.europesays.com\/se\/wp-json\/wp\/v2\/comments?post=122898"}],"version-history":[{"count":0,"href":"https:\/\/www.europesays.com\/se\/wp-json\/wp\/v2\/posts\/122898\/revisions"}],"wp:featuredmedia":[{"embeddable":true,"href":"https:\/\/www.europesays.com\/se\/wp-json\/wp\/v2\/media\/122899"}],"wp:attachment":[{"href":"https:\/\/www.europesays.com\/se\/wp-json\/wp\/v2\/media?parent=122898"}],"wp:term":[{"taxonomy":"category","embeddable":true,"href":"https:\/\/www.europesays.com\/se\/wp-json\/wp\/v2\/categories?post=122898"},{"taxonomy":"post_tag","embeddable":true,"href":"https:\/\/www.europesays.com\/se\/wp-json\/wp\/v2\/tags?post=122898"}],"curies":[{"name":"wp","href":"https:\/\/api.w.org\/{rel}","templated":true}]}}