{"id":122900,"date":"2026-01-01T20:38:22","date_gmt":"2026-01-01T20:38:22","guid":{"rendered":"https:\/\/www.europesays.com\/se\/122900\/"},"modified":"2026-01-01T20:38:22","modified_gmt":"2026-01-01T20:38:22","slug":"kinesisk-elbilsjatte-okar-tesla-tappar","status":"publish","type":"post","link":"https:\/\/www.europesays.com\/se\/122900\/","title":{"rendered":"Kinesisk elbilsj\u00e4tte \u00f6kar \u2013 Tesla tappar"},"content":{"rendered":"<p>share-arrowDela<\/p>\n<p>unsaveSpara<\/p>\n<p>expand-left<\/p>\n<p>helsk\u00e4rm<img decoding=\"async\" class=\"image-asset hyperion-css-u06ts1\" data-test-tag=\"image-asset\" src=\"https:\/\/www.europesays.com\/se\/wp-content\/uploads\/2026\/01\/ca1f52a7-be00-43d9-a3ec-e4a9e27d1c90.jpeg\"  alt=\"En Tesla och en BYD parkerade i Peking. Arkivbild.\"  loading=\"eager\" fetchpriority=\"high\" style=\"aspect-ratio:1900 \/ 1267\"\/>En Tesla och en BYD parkerade i Peking. Arkivbild. Foto: Andy Wong\/AP\/TT<\/p>\n<p class=\"hyperion-css-1shl3oz\" data-test-tag=\"lead-text\">Striden om elbilsmarknaden h\u00e5rdnar. Den kinesiska elbilsj\u00e4tten BYD rapporterar rekordf\u00f6rs\u00e4ljningar under 2025. Samtidigt varslar Tesla om f\u00f6rs\u00e4ljningstapp.<\/p>\n<p class=\"hyperion-css-1v9qo5x\">BYD uppger i ett pressmeddelande att f\u00f6retaget i fjol s\u00e5lde 2,26 miljoner elbilar, en \u00f6kning med 28 procent mot 2024. D\u00e4rmed ser f\u00f6retaget ut att f\u00f6r f\u00f6rsta g\u00e5ngen g\u00e5 om amerikanska Tesla i antalet s\u00e5lda elbilar under ett kalender\u00e5r.<\/p>\n<p class=\"hyperion-css-1v9qo5x\">Tesla meddelade i veckan att f\u00f6rs\u00e4ljningen under fjol\u00e5rets fj\u00e4rde kvartal kan minska med 15 procent mot 2024 \u00e5rs siffror och \u00e5rsf\u00f6rs\u00e4ljningen v\u00e4ntas landa p\u00e5 runt 1,6 miljoner s\u00e5lda bilar, rapporterar Bloomberg. F\u00f6r hela \u00e5ret inneb\u00e4r det en minskning med 8 procent.<\/p>\n<p class=\"hyperion-css-1v9qo5x\">BYD (Build Your Dreams) s\u00e5lde totalt \u2013 inklusive hybridbilar, bussar och lastbilar \u2013 4,6 miljoner fordon under 2025, de alla flesta p\u00e5 hemmamarknaden. Utanf\u00f6r Kina s\u00e5ldes drygt en miljon fordon, en siffra f\u00f6retaget vill \u00f6ka med \u00f6ver 50 procent under 2026.<\/p>\n<p class=\"hyperion-css-1v9qo5x\">F\u00f6r att ta marknadsandelar fr\u00e5n Tesla i Europa bygger BYD en fabrik i Ungern. Den skulle ha st\u00e5tt f\u00e4rdig i december, men arbetet har f\u00f6rsenats. Dessutom planerar f\u00f6retaget en fabrik i Turkiet och en i Spanien, rapporterar Reuters.<\/p>\n","protected":false},"excerpt":{"rendered":"share-arrowDela unsaveSpara expand-left helsk\u00e4rmEn Tesla och en BYD parkerade i Peking. Arkivbild. Foto: Andy Wong\/AP\/TT Striden om elbilsmarknaden&hellip;\n","protected":false},"author":2,"featured_media":122901,"comment_status":"","ping_status":"","sticky":false,"template":"","format":"standard","meta":{"footnotes":""},"categories":[65],"tags":[72,70,71,34,31,33,32,30],"class_list":{"0":"post-122900","1":"post","2":"type-post","3":"status-publish","4":"format-standard","5":"has-post-thumbnail","7":"category-ekonomi","8":"tag-business","9":"tag-economy","10":"tag-ekonomi","11":"tag-se","12":"tag-svenska","13":"tag-sverige","14":"tag-sweden","15":"tag-swedish"},"share_on_mastodon":{"url":"https:\/\/pubeurope.com\/@se\/115821773089897414","error":""},"_links":{"self":[{"href":"https:\/\/www.europesays.com\/se\/wp-json\/wp\/v2\/posts\/122900","targetHints":{"allow":["GET"]}}],"collection":[{"href":"https:\/\/www.europesays.com\/se\/wp-json\/wp\/v2\/posts"}],"about":[{"href":"https:\/\/www.europesays.com\/se\/wp-json\/wp\/v2\/types\/post"}],"author":[{"embeddable":true,"href":"https:\/\/www.europesays.com\/se\/wp-json\/wp\/v2\/users\/2"}],"replies":[{"embeddable":true,"href":"https:\/\/www.europesays.com\/se\/wp-json\/wp\/v2\/comments?post=122900"}],"version-history":[{"count":0,"href":"https:\/\/www.europesays.com\/se\/wp-json\/wp\/v2\/posts\/122900\/revisions"}],"wp:featuredmedia":[{"embeddable":true,"href":"https:\/\/www.europesays.com\/se\/wp-json\/wp\/v2\/media\/122901"}],"wp:attachment":[{"href":"https:\/\/www.europesays.com\/se\/wp-json\/wp\/v2\/media?parent=122900"}],"wp:term":[{"taxonomy":"category","embeddable":true,"href":"https:\/\/www.europesays.com\/se\/wp-json\/wp\/v2\/categories?post=122900"},{"taxonomy":"post_tag","embeddable":true,"href":"https:\/\/www.europesays.com\/se\/wp-json\/wp\/v2\/tags?post=122900"}],"curies":[{"name":"wp","href":"https:\/\/api.w.org\/{rel}","templated":true}]}}