{"id":122904,"date":"2026-01-01T20:49:39","date_gmt":"2026-01-01T20:49:39","guid":{"rendered":"https:\/\/www.europesays.com\/se\/122904\/"},"modified":"2026-01-01T20:49:39","modified_gmt":"2026-01-01T20:49:39","slug":"har-ar-aktierna-som-blagula-vinnarfonderna-satsar-pa","status":"publish","type":"post","link":"https:\/\/www.europesays.com\/se\/122904\/","title":{"rendered":"H\u00e4r \u00e4r aktierna som bl\u00e5gula vinnarfonderna satsar p\u00e5"},"content":{"rendered":"<p>Upp 25 procent. Detta \u00e5rsfacit g\u00f6r SEB Swedish Value Fund till etta bland 54 aktivt f\u00f6rvaltade Sverigefonder, visar data fr\u00e5n Morningstar. En tung exponering mot banksektorn har va\u2026<\/p>\n<p>Omni \u00e4r politiskt obundna och oberoende. Vi str\u00e4var efter att ge fler perspektiv p\u00e5 nyheterna. Har du fr\u00e5gor eller synpunkter kring v\u00e5r rapportering? <a href=\"https:\/\/omniekonomi.se\/har-ar-aktierna-som-blagula-vinnarfonderna-satsar-pa\/a\/mailto:eko@omni.se\" class=\"ArticleActions_contactLink__W2F1M\" rel=\"nofollow noopener\" target=\"_blank\">Kontakta redaktionen<\/a><\/p>\n","protected":false},"excerpt":{"rendered":"Upp 25 procent. Detta \u00e5rsfacit g\u00f6r SEB Swedish Value Fund till etta bland 54 aktivt f\u00f6rvaltade Sverigefonder, visar&hellip;\n","protected":false},"author":2,"featured_media":122905,"comment_status":"","ping_status":"","sticky":false,"template":"","format":"standard","meta":{"footnotes":""},"categories":[65],"tags":[6046,7958,2957,5841,10131,12935,72,323,70,71,6459,3908,5838,6830,5822,12949,3665,5831,2008,6436,4330,34,2666,1159,5798,31,33,12950,2066,32,30,2734,6157],"class_list":{"0":"post-122904","1":"post","2":"type-post","3":"status-publish","4":"format-standard","5":"has-post-thumbnail","7":"category-ekonomi","8":"tag-alfa-laval","9":"tag-assa-abloy","10":"tag-astra-zeneca","11":"tag-atlas-copco","12":"tag-autoliv","13":"tag-borsgrepp","14":"tag-business","15":"tag-danske-bank","16":"tag-economy","17":"tag-ekonomi","18":"tag-eqt","19":"tag-ericsson","20":"tag-essity","21":"tag-getinge","22":"tag-handelsbanken","23":"tag-hexpol","24":"tag-investor","25":"tag-nokia","26":"tag-nordea","27":"tag-sandvik","28":"tag-sca","29":"tag-se","30":"tag-seb","31":"tag-skf","32":"tag-stora-enso","33":"tag-svenska","34":"tag-sverige","35":"tag-sverigefonder","36":"tag-swedbank","37":"tag-sweden","38":"tag-swedish","39":"tag-tele2","40":"tag-traton"},"share_on_mastodon":{"url":"https:\/\/pubeurope.com\/@se\/115821816237460471","error":""},"_links":{"self":[{"href":"https:\/\/www.europesays.com\/se\/wp-json\/wp\/v2\/posts\/122904","targetHints":{"allow":["GET"]}}],"collection":[{"href":"https:\/\/www.europesays.com\/se\/wp-json\/wp\/v2\/posts"}],"about":[{"href":"https:\/\/www.europesays.com\/se\/wp-json\/wp\/v2\/types\/post"}],"author":[{"embeddable":true,"href":"https:\/\/www.europesays.com\/se\/wp-json\/wp\/v2\/users\/2"}],"replies":[{"embeddable":true,"href":"https:\/\/www.europesays.com\/se\/wp-json\/wp\/v2\/comments?post=122904"}],"version-history":[{"count":0,"href":"https:\/\/www.europesays.com\/se\/wp-json\/wp\/v2\/posts\/122904\/revisions"}],"wp:featuredmedia":[{"embeddable":true,"href":"https:\/\/www.europesays.com\/se\/wp-json\/wp\/v2\/media\/122905"}],"wp:attachment":[{"href":"https:\/\/www.europesays.com\/se\/wp-json\/wp\/v2\/media?parent=122904"}],"wp:term":[{"taxonomy":"category","embeddable":true,"href":"https:\/\/www.europesays.com\/se\/wp-json\/wp\/v2\/categories?post=122904"},{"taxonomy":"post_tag","embeddable":true,"href":"https:\/\/www.europesays.com\/se\/wp-json\/wp\/v2\/tags?post=122904"}],"curies":[{"name":"wp","href":"https:\/\/api.w.org\/{rel}","templated":true}]}}