{"id":122910,"date":"2026-01-01T21:10:35","date_gmt":"2026-01-01T21:10:35","guid":{"rendered":"https:\/\/www.europesays.com\/se\/122910\/"},"modified":"2026-01-01T21:10:35","modified_gmt":"2026-01-01T21:10:35","slug":"teuvo-teravainen-malskytt-men-chicago-foll-efter-straffar-allt-svarare-for-blackhawks-att-na-slutspelet-sport","status":"publish","type":"post","link":"https:\/\/www.europesays.com\/se\/122910\/","title":{"rendered":"Teuvo Ter\u00e4v\u00e4inen m\u00e5lskytt men Chicago f\u00f6ll efter straffar \u2013 allt sv\u00e5rare f\u00f6r Blackhawks att n\u00e5 slutspelet | Sport"},"content":{"rendered":"<p class=\"aw-1gybjub aw-5vja16 kEtdKx kmuxyA yle__article__paragraph\">Teuvo Ter\u00e4v\u00e4inen gjorde sitt sjunde m\u00e5l f\u00f6r s\u00e4songen i Chicago Blackhawks f\u00f6rlustmatch mot New York Islanders med 2\u20133 efter straffar.<\/p>\n<p><img decoding=\"async\" alt=\"Ishockeyspelaren Teuvo Ter\u00e4v\u00e4inen.\" src=\"https:\/\/www.europesays.com\/se\/wp-content\/uploads\/2026\/01\/39-15757826954b384537f5.jpeg\" class=\"aw-1l9m598 hKVVvP\"\/><\/p>\n<p>\u00d6ppna bildvisare<\/p>\n<p>Teuvo Ter\u00e4v\u00e4inen gjorde m\u00e5l, men missade sitt straff\u00f6rs\u00f6k. Bild: Talia Sprague-Imagn ImagesLyssna (du h\u00f6r en artificiell r\u00f6st) 3:02<\/p>\n<p class=\"aw-1gybjub aw-1p7kakr kEtdKx cEmitX yle__article__paragraph\">Teuvo Ter\u00e4v\u00e4inen gjorde m\u00e5l i NHL f\u00f6r f\u00f6rsta g\u00e5ngen p\u00e5 \u00f6ver en m\u00e5nad d\u00e5 han n\u00e4tade f\u00f6r sitt Chicago Blackhawks. Chicago f\u00f6ll \u00e4nd\u00e5 i matchen efter straffar med 2\u20133.<\/p>\n<p class=\"aw-1gybjub aw-1p7kakr kEtdKx cEmitX yle__article__paragraph\">Ter\u00e4v\u00e4inen har haft det tr\u00f6gt med m\u00e5lskyttet under denna s\u00e4song. M\u00e5let var endast det sjunde f\u00f6r Ter\u00e4v\u00e4inen som inte hade gjort m\u00e5l sedan den 28 november.<\/p>\n<p class=\"aw-1gybjub aw-1p7kakr kEtdKx cEmitX yle__article__paragraph\">Bo Horvat blev hj\u00e4lten i Islanders. Horvat gjorde ett m\u00e5l under ordinarie speltid, och sk\u00f6t dessutom in den avg\u00f6rande straffen.<\/p>\n<p class=\"aw-1gybjub aw-1p7kakr kEtdKx cEmitX yle__article__paragraph\">Ter\u00e4v\u00e4inen lyckades d\u00e4remot inte i sitt f\u00f6rs\u00f6k i strafft\u00e4vlingen.<\/p>\n<p class=\"aw-1gybjub aw-1p7kakr kEtdKx cEmitX yle__article__paragraph\">F\u00f6rlusten betyder att det \u00e4r allt sv\u00e5rare f\u00f6r Chicago att n\u00e5 slutspelet. Laget ligger just nu p\u00e5 n\u00e4stsista plats i den v\u00e4stra konferensen. Chicago tappade dessutom centern Jason Dickinson som inte spelade efter den f\u00f6rsta perioden. Han s\u00e5g ut att ha \u00e5dragit sig en skada sent i perioden.<\/p>\n<p>Montreal slog m\u00e4staren Florida<\/p>\n<p class=\"aw-1gybjub aw-1p7kakr kEtdKx cEmitX yle__article__paragraph\">Nick Suzuki gjorde tv\u00e5 m\u00e5l, inklusive segerm\u00e5let med en och en halv minut kvar av f\u00f6rl\u00e4ngningen, n\u00e4r Montreal Canadiens v\u00e4nde och besegrade Florida Panthers med 3\u20132.<\/p>\n<p class=\"aw-1gybjub aw-1p7kakr kEtdKx cEmitX yle__article__paragraph\">Brad Marchand och Sam Reinhart gjorde m\u00e5len f\u00f6r Panthers, som hade vunnit nio av sina senaste tolv matcher. Eetu Luostarinen och Anton Lundell noterades f\u00f6r assistpo\u00e4ngen i Reinharts m\u00e5l.<\/p>\n<p class=\"aw-1gybjub aw-1p7kakr kEtdKx cEmitX yle__article__paragraph\">Montreal f\u00f6rl\u00e4ngde sin po\u00e4ngsvit till sex matcher, och \u00e4r tredje b\u00e4sta laget i den \u00f6stra konferensen. Florida k\u00e4mpar just nu om de sista slutspelsplatserna.<\/p>\n<p>NHL-resultat:<\/p>\n<p class=\"aw-1gybjub aw-1p7kakr kEtdKx cEmitX yle__article__paragraph\"><strong class=\"aw-ak79eh KyCXm yle__article__strong\">Vancouver &#8211; Philadelphia 3-6<\/strong><\/p>\n<p class=\"aw-1gybjub aw-1p7kakr kEtdKx cEmitX yle__article__paragraph\">Rasmus Ristolainen PHI 0+0, -1, 23.39<\/p>\n<p class=\"aw-1gybjub aw-1p7kakr kEtdKx cEmitX yle__article__paragraph\"><strong class=\"aw-ak79eh KyCXm yle__article__strong\">Chicago &#8211; NY Islanders 2-3 efter straffar<\/strong><\/p>\n<p class=\"aw-1gybjub aw-1p7kakr kEtdKx cEmitX yle__article__paragraph\">Teuvo Ter\u00e4v\u00e4inen CHI 1+0, +1, 17.46<\/p>\n<p class=\"aw-1gybjub aw-1p7kakr kEtdKx cEmitX yle__article__paragraph\"><strong class=\"aw-ak79eh KyCXm yle__article__strong\">Pittsburgh &#8211; Carolina 5-1<\/strong><\/p>\n<p class=\"aw-1gybjub aw-1p7kakr kEtdKx cEmitX yle__article__paragraph\">Ville Koivunen PIT 0+0, 0, 14.18<\/p>\n<p class=\"aw-1gybjub aw-1p7kakr kEtdKx cEmitX yle__article__paragraph\">Sebastian Aho CAR 0+0, -1 , 13.52<\/p>\n<p class=\"aw-1gybjub aw-1p7kakr kEtdKx cEmitX yle__article__paragraph\">Jesperi Kotkaniemi CAR 0+0, -1, 17.13<\/p>\n<p class=\"aw-1gybjub aw-1p7kakr kEtdKx cEmitX yle__article__paragraph\"><strong class=\"aw-ak79eh KyCXm yle__article__strong\">Toronto &#8211; New Jersey 4-0<\/strong><\/p>\n<p class=\"aw-1gybjub aw-1p7kakr kEtdKx cEmitX yle__article__paragraph\">Matias Maccelli TOR 0+0, 0, 13.45<\/p>\n<p class=\"aw-1gybjub aw-1p7kakr kEtdKx cEmitX yle__article__paragraph\"><strong class=\"aw-ak79eh KyCXm yle__article__strong\">Florida &#8211; Montreal 2-3 efter f\u00f6rl\u00e4ngning<\/strong><\/p>\n<p class=\"aw-1gybjub aw-1p7kakr kEtdKx cEmitX yle__article__paragraph\">Anton Lundell FLA 0+1, 0, 21.43<\/p>\n<p class=\"aw-1gybjub aw-1p7kakr kEtdKx cEmitX yle__article__paragraph\">Eetu Luostarinen FLA 0+1, 0, 17.32<\/p>\n<p class=\"aw-1gybjub aw-1p7kakr kEtdKx cEmitX yle__article__paragraph\">Niko Mikkola FLA 0+0, 0, 22.23<\/p>\n<p class=\"aw-1gybjub aw-1p7kakr kEtdKx cEmitX yle__article__paragraph\">Oliver Kapanen MTL 0+0, 0, 18.23<\/p>\n","protected":false},"excerpt":{"rendered":"Teuvo Ter\u00e4v\u00e4inen gjorde sitt sjunde m\u00e5l f\u00f6r s\u00e4songen i Chicago Blackhawks f\u00f6rlustmatch mot New York Islanders med 2\u20133&hellip;\n","protected":false},"author":2,"featured_media":122911,"comment_status":"","ping_status":"","sticky":false,"template":"","format":"standard","meta":{"footnotes":""},"categories":[68],"tags":[12953,11501,12951,1472,5574,247,34,111,110,31,33,32,30,12952,579],"class_list":{"0":"post-122910","1":"post","2":"type-post","3":"status-publish","4":"format-standard","5":"has-post-thumbnail","7":"category-sport","8":"tag-anton-lundell","9":"tag-chicago-blackhawks","10":"tag-florida-panthers","11":"tag-ishockey","12":"tag-montreal-canadiens","13":"tag-nhl","14":"tag-se","15":"tag-sport","16":"tag-sports","17":"tag-svenska","18":"tag-sverige","19":"tag-sweden","20":"tag-swedish","21":"tag-teuvo-teravainen","22":"tag-yle-sporten"},"share_on_mastodon":{"url":"https:\/\/pubeurope.com\/@se\/115821898847724334","error":""},"_links":{"self":[{"href":"https:\/\/www.europesays.com\/se\/wp-json\/wp\/v2\/posts\/122910","targetHints":{"allow":["GET"]}}],"collection":[{"href":"https:\/\/www.europesays.com\/se\/wp-json\/wp\/v2\/posts"}],"about":[{"href":"https:\/\/www.europesays.com\/se\/wp-json\/wp\/v2\/types\/post"}],"author":[{"embeddable":true,"href":"https:\/\/www.europesays.com\/se\/wp-json\/wp\/v2\/users\/2"}],"replies":[{"embeddable":true,"href":"https:\/\/www.europesays.com\/se\/wp-json\/wp\/v2\/comments?post=122910"}],"version-history":[{"count":0,"href":"https:\/\/www.europesays.com\/se\/wp-json\/wp\/v2\/posts\/122910\/revisions"}],"wp:featuredmedia":[{"embeddable":true,"href":"https:\/\/www.europesays.com\/se\/wp-json\/wp\/v2\/media\/122911"}],"wp:attachment":[{"href":"https:\/\/www.europesays.com\/se\/wp-json\/wp\/v2\/media?parent=122910"}],"wp:term":[{"taxonomy":"category","embeddable":true,"href":"https:\/\/www.europesays.com\/se\/wp-json\/wp\/v2\/categories?post=122910"},{"taxonomy":"post_tag","embeddable":true,"href":"https:\/\/www.europesays.com\/se\/wp-json\/wp\/v2\/tags?post=122910"}],"curies":[{"name":"wp","href":"https:\/\/api.w.org\/{rel}","templated":true}]}}