{"id":122915,"date":"2026-01-01T21:23:07","date_gmt":"2026-01-01T21:23:07","guid":{"rendered":"https:\/\/www.europesays.com\/se\/122915\/"},"modified":"2026-01-01T21:23:07","modified_gmt":"2026-01-01T21:23:07","slug":"oppen-traning-7-januari-if-elfsborg","status":"publish","type":"post","link":"https:\/\/www.europesays.com\/se\/122915\/","title":{"rendered":"\u00d6ppen tr\u00e4ning 7 januari &#8211; IF Elfsborg"},"content":{"rendered":"<p>        <img width=\"2560\" height=\"1707\" src=\"https:\/\/www.europesays.com\/se\/wp-content\/uploads\/2026\/01\/BB250108JJ029-scaled.jpg\" class=\"w-full bg-cover object-bottom featured-hero-image wp-post-image\" alt=\"\" decoding=\"async\" fetchpriority=\"high\"  \/>                  250108 Spelarna tar selfies och skriver autografer med supportrar efter en \u00f6ppen tr\u00e4ning med Elfsborgs Dam- och Herrlag  den 8 januari 2025 i Bor\u00e5s.<br \/>\nFoto: J\u00f6rgen Jarnberger \/ BILDBYR\u00c5N \/ COP 112 \/ JJ0429<\/p>\n<p>            Publicerad: 2026-01-01 22:09, Uppdaterad 2026-01-01 22:10<\/p>\n<p><strong>Den 7 januari samlas vi f\u00f6r \u00e5rets f\u00f6rsta gemensamma tr\u00e4ning p\u00e5 Bor\u00e5s Arena. Herr- och damlaget tr\u00e4nar tillsammans n\u00e4r s\u00e4songen officiellt drar ig\u00e5ng.<\/strong><\/p>\n<p>Kl. 17.30 inleds den f\u00f6rsta \u00f6ppna tr\u00e4ningen f\u00f6r s\u00e4songen. Det \u00e4r en gemensam tr\u00e4ning d\u00e4r spelare fr\u00e5n dam- och herrlaget tr\u00e4nar tillsammans. Efter tr\u00e4ningen, cirka kl. 18.00, ges m\u00f6jlighet f\u00f6r alla Elfsborgare att komma ner p\u00e5 innerplan f\u00f6r autografskrivning och fotografering tillsammans med spelarna.<\/p>\n<p>Kl.\u00a017.00\u00a0\u00f6ppnar\u00a0Elfsborgsl\u00e4ktaren och Sjuh\u00e4radsl\u00e4ktaren. Grillen st\u00e5r framme och musiken ligger p\u00e5. <\/p>\n<p><strong>Varmt v\u00e4lkomna<\/strong><\/p>\n<p>        <img decoding=\"async\" class=\"block mx-auto mb-11\" src=\"https:\/\/elfsborg.se\/wp-content\/themes\/elfsborg\/dist\/images\/logo-ife.svg\" width=\"224\" height=\"186\" alt=\"IF Elfsborg\" loading=\"lazy\"\/><\/p>\n<p class=\"text-center mb-7 text-2sm text font-light\">1904, den 26 juni bildades IF Elfsborg av 19 pojkar i \u00f6vre ton\u00e5ren. F\u00f6reningens namn var d\u00e5 \u201dBor\u00e5s Fotbollslag\u201d.<br \/>1906 blev f\u00f6reningen medlem i Riksidrottsf\u00f6rbundet och namnet \u00e4ndrades samtidigt till IF Elfsborg.<\/p>\n","protected":false},"excerpt":{"rendered":"250108 Spelarna tar selfies och skriver autografer med supportrar efter en \u00f6ppen tr\u00e4ning med Elfsborgs Dam- och Herrlag&hellip;\n","protected":false},"author":2,"featured_media":122916,"comment_status":"","ping_status":"","sticky":false,"template":"","format":"standard","meta":{"footnotes":""},"categories":[12],"tags":[22,23,26,27,17,21,24,25,28,29,15,16,18,34,31,33,32,30,19,20],"class_list":{"0":"post-122915","1":"post","2":"type-post","3":"status-publish","4":"format-standard","5":"has-post-thumbnail","7":"category-sverige","8":"tag-breaking-news","9":"tag-breakingnews","10":"tag-featured-news","11":"tag-featurednews","12":"tag-headlines","13":"tag-huvudnyheter","14":"tag-latest-news","15":"tag-latestnews","16":"tag-main-news","17":"tag-mainnews","18":"tag-news","19":"tag-nyheter","20":"tag-rubriker","21":"tag-se","22":"tag-svenska","23":"tag-sverige","24":"tag-sweden","25":"tag-swedish","26":"tag-top-stories","27":"tag-topstories"},"share_on_mastodon":{"url":"https:\/\/pubeurope.com\/@se\/115821949966274293","error":""},"_links":{"self":[{"href":"https:\/\/www.europesays.com\/se\/wp-json\/wp\/v2\/posts\/122915","targetHints":{"allow":["GET"]}}],"collection":[{"href":"https:\/\/www.europesays.com\/se\/wp-json\/wp\/v2\/posts"}],"about":[{"href":"https:\/\/www.europesays.com\/se\/wp-json\/wp\/v2\/types\/post"}],"author":[{"embeddable":true,"href":"https:\/\/www.europesays.com\/se\/wp-json\/wp\/v2\/users\/2"}],"replies":[{"embeddable":true,"href":"https:\/\/www.europesays.com\/se\/wp-json\/wp\/v2\/comments?post=122915"}],"version-history":[{"count":0,"href":"https:\/\/www.europesays.com\/se\/wp-json\/wp\/v2\/posts\/122915\/revisions"}],"wp:featuredmedia":[{"embeddable":true,"href":"https:\/\/www.europesays.com\/se\/wp-json\/wp\/v2\/media\/122916"}],"wp:attachment":[{"href":"https:\/\/www.europesays.com\/se\/wp-json\/wp\/v2\/media?parent=122915"}],"wp:term":[{"taxonomy":"category","embeddable":true,"href":"https:\/\/www.europesays.com\/se\/wp-json\/wp\/v2\/categories?post=122915"},{"taxonomy":"post_tag","embeddable":true,"href":"https:\/\/www.europesays.com\/se\/wp-json\/wp\/v2\/tags?post=122915"}],"curies":[{"name":"wp","href":"https:\/\/api.w.org\/{rel}","templated":true}]}}