{"id":122917,"date":"2026-01-01T21:26:08","date_gmt":"2026-01-01T21:26:08","guid":{"rendered":"https:\/\/www.europesays.com\/se\/122917\/"},"modified":"2026-01-01T21:26:08","modified_gmt":"2026-01-01T21:26:08","slug":"lamnar-skelleftea-for-hv71","status":"publish","type":"post","link":"https:\/\/www.europesays.com\/se\/122917\/","title":{"rendered":"L\u00e4mnar Skellefte\u00e5 &#8211; f\u00f6r HV71"},"content":{"rendered":"<p><strong>Victor Laz bryter sitt kontrakt med Skellefte\u00e5. Han \u00e4r klar f\u00f6r HV71.<br \/>\u2013 \u00a0Det ska bli intressant att se honom i v\u00e5r milj\u00f6, s\u00e4ger Fredrik Stillman, tf General Manager i HV71<\/strong>.<\/p>\n<p><img loading=\"lazy\" decoding=\"async\" width=\"1024\" height=\"658\" src=\"https:\/\/www.europesays.com\/se\/wp-content\/uploads\/2026\/01\/Victor-Laz-HV71-1024x658.webp.webp\" alt=\"\" class=\"wp-image-340835\"  \/>Victor Laz \u00e4r klar f\u00f6r HV71.<br \/><strong>Foto: <\/strong>Bildbyr\u00e5n<\/p>\n<p>Efter att ha imponerat i <a href=\"https:\/\/hockeysverige.se\/klubb\/kalmar-hc\/\" rel=\"nofollow noopener\" target=\"_blank\">Kalmar<\/a> skrev Victor Laz p\u00e5 f\u00f6r <a href=\"https:\/\/hockeysverige.se\/klubb\/skelleftea-aik\/\" rel=\"nofollow noopener\" target=\"_blank\">Skellefte\u00e5<\/a>. D\u00e4r har emellertid speltiden varit knapp. Han har bara f\u00e5tt spela 13 SHL-matcher, och d\u00e5 har det ofta bara varit n\u00e5gra str\u00f6minuter per match. Det blev bara 0+2 p\u00e5 dessa 13 matcher. Laz har ocks\u00e5 varit utl\u00e5nad till Kalmar under elva matcher.<\/p>\n<p>Men nu l\u00e4mnar han Skellefte\u00e5 permanent. Laz skriver ist\u00e4llet p\u00e5 f\u00f6r skadeskjutna <a href=\"https:\/\/hockeysverige.se\/klubb\/hv71\/\" rel=\"nofollow noopener\" target=\"_blank\">HV71<\/a>.<\/p>\n<p>\u2013 I Victor f\u00e5r vi en anv\u00e4ndbar och smart center som b\u00e5de tar ansvar i defensiven och kan vara ett hot i det offensiva spelet. En spelare som gjort en sp\u00e4nnande resa i sin hockeykarri\u00e4r via division ett och HockeyAllsvenskan. Det ska bli intressant att se honom i v\u00e5r milj\u00f6, s\u00e4ger Fredrik Stillman, tf General Manager i HV71, <a href=\"https:\/\/www.hv71.se\/article\/608at87-3iaijd\/view\" rel=\"nofollow noopener\" target=\"_blank\">till klubbens sajt.<\/a><\/p>\n<p>Victor Laz skriver p\u00e5 f\u00f6r HV71<\/p>\n<p>29-\u00e5ringen ansluter till HV71 redan under fredagen och m\u00f6ter upp laget p\u00e5 plats i Leksand inf\u00f6r l\u00f6rdagens match.\u00a0 <\/p>\n<p>\u2013 Det ska bli kul och inspirerande att komma till HV71. Jag ska komma in med bra energi och bidra med min skridsko\u00e5kning och ett stabilt spel \u00f6ver hela banan, s\u00e4ger Victor Laz.<\/p>\n<p>Kontraktet \u00e4r skrivet \u00e4ven \u00f6ver kommande s\u00e4song.<\/p>\n<p> Source: <a href=\"https:\/\/www.eliteprospects.com\/player\/86064\/victor-laz\" target=\"_blank\" rel=\"noopener noreferrer nofollow\">Victor Laz<\/a> @ Elite Prospects<\/p>\n","protected":false},"excerpt":{"rendered":"Victor Laz bryter sitt kontrakt med Skellefte\u00e5. Han \u00e4r klar f\u00f6r HV71.\u2013 \u00a0Det ska bli intressant att se&hellip;\n","protected":false},"author":2,"featured_media":122918,"comment_status":"","ping_status":"","sticky":false,"template":"","format":"standard","meta":{"footnotes":""},"categories":[68],"tags":[34,133,111,110,31,33,32,30],"class_list":{"0":"post-122917","1":"post","2":"type-post","3":"status-publish","4":"format-standard","5":"has-post-thumbnail","7":"category-sport","8":"tag-se","9":"tag-second-news","10":"tag-sport","11":"tag-sports","12":"tag-svenska","13":"tag-sverige","14":"tag-sweden","15":"tag-swedish"},"share_on_mastodon":{"url":"https:\/\/pubeurope.com\/@se\/115821961709362459","error":""},"_links":{"self":[{"href":"https:\/\/www.europesays.com\/se\/wp-json\/wp\/v2\/posts\/122917","targetHints":{"allow":["GET"]}}],"collection":[{"href":"https:\/\/www.europesays.com\/se\/wp-json\/wp\/v2\/posts"}],"about":[{"href":"https:\/\/www.europesays.com\/se\/wp-json\/wp\/v2\/types\/post"}],"author":[{"embeddable":true,"href":"https:\/\/www.europesays.com\/se\/wp-json\/wp\/v2\/users\/2"}],"replies":[{"embeddable":true,"href":"https:\/\/www.europesays.com\/se\/wp-json\/wp\/v2\/comments?post=122917"}],"version-history":[{"count":0,"href":"https:\/\/www.europesays.com\/se\/wp-json\/wp\/v2\/posts\/122917\/revisions"}],"wp:featuredmedia":[{"embeddable":true,"href":"https:\/\/www.europesays.com\/se\/wp-json\/wp\/v2\/media\/122918"}],"wp:attachment":[{"href":"https:\/\/www.europesays.com\/se\/wp-json\/wp\/v2\/media?parent=122917"}],"wp:term":[{"taxonomy":"category","embeddable":true,"href":"https:\/\/www.europesays.com\/se\/wp-json\/wp\/v2\/categories?post=122917"},{"taxonomy":"post_tag","embeddable":true,"href":"https:\/\/www.europesays.com\/se\/wp-json\/wp\/v2\/tags?post=122917"}],"curies":[{"name":"wp","href":"https:\/\/api.w.org\/{rel}","templated":true}]}}