{"id":122919,"date":"2026-01-01T21:31:13","date_gmt":"2026-01-01T21:31:13","guid":{"rendered":"https:\/\/www.europesays.com\/se\/122919\/"},"modified":"2026-01-01T21:31:13","modified_gmt":"2026-01-01T21:31:13","slug":"psykisk-halsa-ska-inforas-pa-skolschemat","status":"publish","type":"post","link":"https:\/\/www.europesays.com\/se\/122919\/","title":{"rendered":"Psykisk h\u00e4lsa ska inf\u00f6ras p\u00e5 skolschemat"},"content":{"rendered":"<p>Regeringen ska inf\u00f6ra undervisning om psykisk h\u00e4lsa p\u00e5 skolschemat. Det skriver socialminister Jakob Forssmed (KD) i SvD debatt.<\/p>\n<p>\u201dDet \u00e4r en ytterligare pusselbit i det f\u00f6rebyggande arbetet f\u00f6r att unga ska m\u00e5 bra\u201d, skriver han.<\/p>\n<p>Forssmed h\u00e4nvisar till att rapporter fr\u00e5n det senaste decenniet visar att den psykiska oh\u00e4lsan bland unga har \u00f6kat i olika former. Regeringen har d\u00e4rf\u00f6r beslutat att ge Skolverket i uppdrag att ta fram nya l\u00e4roplaner och kursplaner f\u00f6r den tio\u00e5riga grundskolan.<\/p>\n<p>Undervisningen om psykisk h\u00e4lsa kan exempelvis rymmas inom \u00e4mnen som biologi samt idrott och h\u00e4lsa, skriver Forssmed.<\/p>\n<p>\u201dVarf\u00f6r \u00e4r det angel\u00e4get? Jo, det handlar om att ge elever st\u00f6rre kunskap om vad som grundl\u00e4gger en god psykisk h\u00e4lsa och f\u00f6rst\u00e5else f\u00f6r exempelvis hj\u00e4rnans utveckling\u201d, skriver han.<\/p>\n<p>Omni \u00e4r politiskt obundna och oberoende. Vi str\u00e4var efter att ge fler perspektiv p\u00e5 nyheterna. Har du fr\u00e5gor eller synpunkter kring v\u00e5r rapportering? <a href=\"https:\/\/omni.se\/ministern-psykisk-halsa-ska-inforas-pa-skolschemat\/a\/mailto:redaktion@omni.se\" class=\"ArticleActions_contactLink__W2F1M\" rel=\"nofollow noopener\" target=\"_blank\">Kontakta redaktionen<\/a><\/p>\n","protected":false},"excerpt":{"rendered":"Regeringen ska inf\u00f6ra undervisning om psykisk h\u00e4lsa p\u00e5 skolschemat. Det skriver socialminister Jakob Forssmed (KD) i SvD debatt.&hellip;\n","protected":false},"author":2,"featured_media":122920,"comment_status":"","ping_status":"","sticky":false,"template":"","format":"standard","meta":{"footnotes":""},"categories":[12],"tags":[22,23,26,27,17,21,1131,1107,24,25,28,29,15,16,369,3744,18,34,2504,31,33,32,30,19,20,3027],"class_list":{"0":"post-122919","1":"post","2":"type-post","3":"status-publish","4":"format-standard","5":"has-post-thumbnail","7":"category-sverige","8":"tag-breaking-news","9":"tag-breakingnews","10":"tag-featured-news","11":"tag-featurednews","12":"tag-headlines","13":"tag-huvudnyheter","14":"tag-jakob-forssmed","15":"tag-kristdemokraterna","16":"tag-latest-news","17":"tag-latestnews","18":"tag-main-news","19":"tag-mainnews","20":"tag-news","21":"tag-nyheter","22":"tag-politik","23":"tag-psykisk-halsa","24":"tag-rubriker","25":"tag-se","26":"tag-skolverket","27":"tag-svenska","28":"tag-sverige","29":"tag-sweden","30":"tag-swedish","31":"tag-top-stories","32":"tag-topstories","33":"tag-utbildningspolitik"},"share_on_mastodon":{"url":"https:\/\/pubeurope.com\/@se\/115821981357968749","error":""},"_links":{"self":[{"href":"https:\/\/www.europesays.com\/se\/wp-json\/wp\/v2\/posts\/122919","targetHints":{"allow":["GET"]}}],"collection":[{"href":"https:\/\/www.europesays.com\/se\/wp-json\/wp\/v2\/posts"}],"about":[{"href":"https:\/\/www.europesays.com\/se\/wp-json\/wp\/v2\/types\/post"}],"author":[{"embeddable":true,"href":"https:\/\/www.europesays.com\/se\/wp-json\/wp\/v2\/users\/2"}],"replies":[{"embeddable":true,"href":"https:\/\/www.europesays.com\/se\/wp-json\/wp\/v2\/comments?post=122919"}],"version-history":[{"count":0,"href":"https:\/\/www.europesays.com\/se\/wp-json\/wp\/v2\/posts\/122919\/revisions"}],"wp:featuredmedia":[{"embeddable":true,"href":"https:\/\/www.europesays.com\/se\/wp-json\/wp\/v2\/media\/122920"}],"wp:attachment":[{"href":"https:\/\/www.europesays.com\/se\/wp-json\/wp\/v2\/media?parent=122919"}],"wp:term":[{"taxonomy":"category","embeddable":true,"href":"https:\/\/www.europesays.com\/se\/wp-json\/wp\/v2\/categories?post=122919"},{"taxonomy":"post_tag","embeddable":true,"href":"https:\/\/www.europesays.com\/se\/wp-json\/wp\/v2\/tags?post=122919"}],"curies":[{"name":"wp","href":"https:\/\/api.w.org\/{rel}","templated":true}]}}