{"id":122921,"date":"2026-01-01T21:34:30","date_gmt":"2026-01-01T21:34:30","guid":{"rendered":"https:\/\/www.europesays.com\/se\/122921\/"},"modified":"2026-01-01T21:34:30","modified_gmt":"2026-01-01T21:34:30","slug":"dirk-nowitzki-pa-basketmatch-i-uppsala","status":"publish","type":"post","link":"https:\/\/www.europesays.com\/se\/122921\/","title":{"rendered":"Dirk Nowitzki p\u00e5 basketmatch i Uppsala"},"content":{"rendered":"<p>Fredagens match mellan Uppsala Basket och H\u00f6gsbo basket blev en rysare. Matchen slutade 83-82 till g\u00e4sterna \u2013 men det var en annan detalj som stack ut. Dramat utspelades n\u00e4mligen mitt framf\u00f6r \u00f6gonen p\u00e5 Dirk Nowitzki. Power forwarden gjorde 31 560 po\u00e4ng p\u00e5 21 NBA-s\u00e4songer med Dallas Mavericks, och beskrivs ofta som den fr\u00e4mste europeiska basketspelaren n\u00e5gonsin.Sj\u00e4lv v<\/p>\n","protected":false},"excerpt":{"rendered":"Fredagens match mellan Uppsala Basket och H\u00f6gsbo basket blev en rysare. Matchen slutade 83-82 till g\u00e4sterna \u2013 men&hellip;\n","protected":false},"author":2,"featured_media":122922,"comment_status":"","ping_status":"","sticky":false,"template":"","format":"standard","meta":{"footnotes":""},"categories":[68],"tags":[34,111,110,31,33,32,30],"class_list":{"0":"post-122921","1":"post","2":"type-post","3":"status-publish","4":"format-standard","5":"has-post-thumbnail","7":"category-sport","8":"tag-se","9":"tag-sport","10":"tag-sports","11":"tag-svenska","12":"tag-sverige","13":"tag-sweden","14":"tag-swedish"},"share_on_mastodon":{"url":"https:\/\/pubeurope.com\/@se\/115821993211348662","error":""},"_links":{"self":[{"href":"https:\/\/www.europesays.com\/se\/wp-json\/wp\/v2\/posts\/122921","targetHints":{"allow":["GET"]}}],"collection":[{"href":"https:\/\/www.europesays.com\/se\/wp-json\/wp\/v2\/posts"}],"about":[{"href":"https:\/\/www.europesays.com\/se\/wp-json\/wp\/v2\/types\/post"}],"author":[{"embeddable":true,"href":"https:\/\/www.europesays.com\/se\/wp-json\/wp\/v2\/users\/2"}],"replies":[{"embeddable":true,"href":"https:\/\/www.europesays.com\/se\/wp-json\/wp\/v2\/comments?post=122921"}],"version-history":[{"count":0,"href":"https:\/\/www.europesays.com\/se\/wp-json\/wp\/v2\/posts\/122921\/revisions"}],"wp:featuredmedia":[{"embeddable":true,"href":"https:\/\/www.europesays.com\/se\/wp-json\/wp\/v2\/media\/122922"}],"wp:attachment":[{"href":"https:\/\/www.europesays.com\/se\/wp-json\/wp\/v2\/media?parent=122921"}],"wp:term":[{"taxonomy":"category","embeddable":true,"href":"https:\/\/www.europesays.com\/se\/wp-json\/wp\/v2\/categories?post=122921"},{"taxonomy":"post_tag","embeddable":true,"href":"https:\/\/www.europesays.com\/se\/wp-json\/wp\/v2\/tags?post=122921"}],"curies":[{"name":"wp","href":"https:\/\/api.w.org\/{rel}","templated":true}]}}