{"id":122923,"date":"2026-01-01T21:39:12","date_gmt":"2026-01-01T21:39:12","guid":{"rendered":"https:\/\/www.europesays.com\/se\/122923\/"},"modified":"2026-01-01T21:39:12","modified_gmt":"2026-01-01T21:39:12","slug":"uppsalabor-njuter-av-forsta-snon-i-slottsbacken","status":"publish","type":"post","link":"https:\/\/www.europesays.com\/se\/122923\/","title":{"rendered":"Uppsalabor njuter av f\u00f6rsta sn\u00f6n i Slottsbacken"},"content":{"rendered":"<p>Aron, 5 \u00e5r, \u00e4r inte s\u00e4ker p\u00e5 hur m\u00e5nga \u00e5k det har blivit totalt. Men fort har det g\u00e5tt.\u2013 J\u00e4ttefort!\u00a0Han, pappa Victor Ryd\u00e9n och br\u00f6derna Abbe, 8 \u00e5r, och Arve, 2, befinner sig i Slottsbacken utrustade med pulkor och snowracers. Under natten och morgonen har det kommit dr\u00f6svis med mjuk kramsn\u00f6 \u2013 den f\u00f6rsta riktiga sn\u00f6smockan i vinter. Det har syskonen l\u00e4ngtat efter.\u00a0\u2013 O<\/p>\n","protected":false},"excerpt":{"rendered":"Aron, 5 \u00e5r, \u00e4r inte s\u00e4ker p\u00e5 hur m\u00e5nga \u00e5k det har blivit totalt. Men fort har det&hellip;\n","protected":false},"author":2,"featured_media":122924,"comment_status":"","ping_status":"","sticky":false,"template":"","format":"standard","meta":{"footnotes":""},"categories":[12],"tags":[22,23,26,27,17,21,24,25,28,29,15,16,18,34,31,33,32,30,19,20],"class_list":{"0":"post-122923","1":"post","2":"type-post","3":"status-publish","4":"format-standard","5":"has-post-thumbnail","7":"category-sverige","8":"tag-breaking-news","9":"tag-breakingnews","10":"tag-featured-news","11":"tag-featurednews","12":"tag-headlines","13":"tag-huvudnyheter","14":"tag-latest-news","15":"tag-latestnews","16":"tag-main-news","17":"tag-mainnews","18":"tag-news","19":"tag-nyheter","20":"tag-rubriker","21":"tag-se","22":"tag-svenska","23":"tag-sverige","24":"tag-sweden","25":"tag-swedish","26":"tag-top-stories","27":"tag-topstories"},"share_on_mastodon":{"url":"https:\/\/pubeurope.com\/@se\/115822012886670328","error":""},"_links":{"self":[{"href":"https:\/\/www.europesays.com\/se\/wp-json\/wp\/v2\/posts\/122923","targetHints":{"allow":["GET"]}}],"collection":[{"href":"https:\/\/www.europesays.com\/se\/wp-json\/wp\/v2\/posts"}],"about":[{"href":"https:\/\/www.europesays.com\/se\/wp-json\/wp\/v2\/types\/post"}],"author":[{"embeddable":true,"href":"https:\/\/www.europesays.com\/se\/wp-json\/wp\/v2\/users\/2"}],"replies":[{"embeddable":true,"href":"https:\/\/www.europesays.com\/se\/wp-json\/wp\/v2\/comments?post=122923"}],"version-history":[{"count":0,"href":"https:\/\/www.europesays.com\/se\/wp-json\/wp\/v2\/posts\/122923\/revisions"}],"wp:featuredmedia":[{"embeddable":true,"href":"https:\/\/www.europesays.com\/se\/wp-json\/wp\/v2\/media\/122924"}],"wp:attachment":[{"href":"https:\/\/www.europesays.com\/se\/wp-json\/wp\/v2\/media?parent=122923"}],"wp:term":[{"taxonomy":"category","embeddable":true,"href":"https:\/\/www.europesays.com\/se\/wp-json\/wp\/v2\/categories?post=122923"},{"taxonomy":"post_tag","embeddable":true,"href":"https:\/\/www.europesays.com\/se\/wp-json\/wp\/v2\/tags?post=122923"}],"curies":[{"name":"wp","href":"https:\/\/api.w.org\/{rel}","templated":true}]}}