{"id":122925,"date":"2026-01-01T21:40:08","date_gmt":"2026-01-01T21:40:08","guid":{"rendered":"https:\/\/www.europesays.com\/se\/122925\/"},"modified":"2026-01-01T21:40:08","modified_gmt":"2026-01-01T21:40:08","slug":"winter-classic-ny-hojdpunkt-for-forsling","status":"publish","type":"post","link":"https:\/\/www.europesays.com\/se\/122925\/","title":{"rendered":"Winter Classic ny h\u00f6jdpunkt f\u00f6r Forsling"},"content":{"rendered":"<p>\u2013 Att det g\u00e5tt s\u00e5 bra som det gjort beror nog p\u00e5 lite allt m\u00f6jligt. Vi hade ju (Joel) Quenneville som tr\u00e4nare n\u00e4r jag kom hit som jag ocks\u00e5 hade i Chicago, s\u00e5 han hade ju lite koll p\u00e5 mig. Jag k\u00e4nde att om jag gjorde bra ifr\u00e5n mig s\u00e5 hade jag bra chanser att f\u00e5 spela och det k\u00e4ndes ocks\u00e5 som att jag var v\u00e4ldigt best\u00e4md p\u00e5 att ta en plats och ta vara p\u00e5 vad som f\u00f6rmodligen hade kunnat vara min sista chans att sl\u00e5 sig in i ett NHL-lag.<\/p>\n<p>Efter tv\u00e5 raka Stanley Cup-segrar v\u00e4ntar \u00e4nnu en unik upplevelse f\u00f6r Forsling och hans lagkamrater i den historiska utomhusmatchen mot Rangers i Winter Classic. Det \u00e4r den f\u00f6rsta professionella utomhusmatchen i delstaten Florida och den sydligaste utomhusmatchen i NHL:s historia.<\/p>\n<p>Panthers fick en f\u00f6rsmak p\u00e5 eventet under ny\u00e5rsdagen n\u00e4r laget tr\u00e4nade p\u00e5 loanDepot park, som ligger i stadsdelen Little Havana i centrala Miami och som till vardags \u00e4r hem f\u00f6r basebollaget Miami Marlins (MLB). Forsling ser Winter Classic som \u00e4nnu ett kvitto p\u00e5 de enorma stegen som hockey har tagit i delstaten Florida de senaste \u00e5ren.<\/p>\n<p>\u2013 Absolut, det \u00e4r det verkligen. Man ser framstegen som har gjorts, och det r\u00e4cker bara att titta p\u00e5 v\u00e5r tr\u00e4ningsanl\u00e4ggning i Fort Lauderdale. Det \u00e4r ett stort kvitto p\u00e5 att vi g\u00f6r n\u00e5got r\u00e4tt och att sporten v\u00e4xer h\u00e4r.<\/p>\n<p>Forsling har spelat utomhus f\u00f6rr. 2019 spelade han Winter Classic n\u00e4r Chicago Blackhawks m\u00f6tte Boston Bruins p\u00e5 Notre Dame Stadium i South Bend, Indiana.<\/p>\n<p>\u2013 Jag f\u00f6rv\u00e4ntar mig en liknande st\u00e4mning p\u00e5 matchen, s\u00e4ger Forsling. Speciellt n\u00e4r taket \u00f6ppnas upp h\u00e4r s\u00e5 kommer det bli j\u00e4ttecoolt.<\/p>\n<p>Forsling har st\u00e5tt f\u00f6r 14 po\u00e4ng (1+13) p\u00e5 39 matcher denna s\u00e4song, och efter att ha haft fyra raka s\u00e4songer med minst tio gjorda m\u00e5l, hoppas han att han kan hitta n\u00e4tmaskorna mer frekvent under den andra halvan av grundserien, \u00e4ven om det viktigaste \u00e4r att laget vinner.<\/p>\n<p>\u2013 Det \u00e4r alltid min inst\u00e4llning att om laget g\u00e5r bra s\u00e5 \u00e4r allt jag bryr mig om \u00e4r att f\u00f6rsvara, s\u00e4ger Forsling. M\u00e5lskyttet \u00e4r lite mer slumpartat som en back som mig och om man f\u00e5r vissa l\u00e4gen eller inte. \u00c4n s\u00e5 l\u00e4nge s\u00e5 har jag inte f\u00e5tt lika m\u00e5nga chanser, men det kommer att studsa r\u00e4tt till slut och f\u00f6rhoppningsvis f\u00e5r man g\u00f6ra n\u00e5gra till m\u00e5l i \u00e5r i alla fall.<\/p>\n","protected":false},"excerpt":{"rendered":"\u2013 Att det g\u00e5tt s\u00e5 bra som det gjort beror nog p\u00e5 lite allt m\u00f6jligt. Vi hade ju&hellip;\n","protected":false},"author":2,"featured_media":122926,"comment_status":"","ping_status":"","sticky":false,"template":"","format":"standard","meta":{"footnotes":""},"categories":[5],"tags":[22,23,26,27,17,21,24,25,28,29,15,16,18,34,31,33,32,30,19,20],"class_list":{"0":"post-122925","1":"post","2":"type-post","3":"status-publish","4":"format-standard","5":"has-post-thumbnail","7":"category-rubriker","8":"tag-breaking-news","9":"tag-breakingnews","10":"tag-featured-news","11":"tag-featurednews","12":"tag-headlines","13":"tag-huvudnyheter","14":"tag-latest-news","15":"tag-latestnews","16":"tag-main-news","17":"tag-mainnews","18":"tag-news","19":"tag-nyheter","20":"tag-rubriker","21":"tag-se","22":"tag-svenska","23":"tag-sverige","24":"tag-sweden","25":"tag-swedish","26":"tag-top-stories","27":"tag-topstories"},"share_on_mastodon":{"url":"https:\/\/pubeurope.com\/@se\/115822016794714975","error":""},"_links":{"self":[{"href":"https:\/\/www.europesays.com\/se\/wp-json\/wp\/v2\/posts\/122925","targetHints":{"allow":["GET"]}}],"collection":[{"href":"https:\/\/www.europesays.com\/se\/wp-json\/wp\/v2\/posts"}],"about":[{"href":"https:\/\/www.europesays.com\/se\/wp-json\/wp\/v2\/types\/post"}],"author":[{"embeddable":true,"href":"https:\/\/www.europesays.com\/se\/wp-json\/wp\/v2\/users\/2"}],"replies":[{"embeddable":true,"href":"https:\/\/www.europesays.com\/se\/wp-json\/wp\/v2\/comments?post=122925"}],"version-history":[{"count":0,"href":"https:\/\/www.europesays.com\/se\/wp-json\/wp\/v2\/posts\/122925\/revisions"}],"wp:featuredmedia":[{"embeddable":true,"href":"https:\/\/www.europesays.com\/se\/wp-json\/wp\/v2\/media\/122926"}],"wp:attachment":[{"href":"https:\/\/www.europesays.com\/se\/wp-json\/wp\/v2\/media?parent=122925"}],"wp:term":[{"taxonomy":"category","embeddable":true,"href":"https:\/\/www.europesays.com\/se\/wp-json\/wp\/v2\/categories?post=122925"},{"taxonomy":"post_tag","embeddable":true,"href":"https:\/\/www.europesays.com\/se\/wp-json\/wp\/v2\/tags?post=122925"}],"curies":[{"name":"wp","href":"https:\/\/api.w.org\/{rel}","templated":true}]}}