{"id":122927,"date":"2026-01-01T21:42:41","date_gmt":"2026-01-01T21:42:41","guid":{"rendered":"https:\/\/www.europesays.com\/se\/122927\/"},"modified":"2026-01-01T21:42:41","modified_gmt":"2026-01-01T21:42:41","slug":"sjostrom-nobbar-stockholm-for-tidigt-2","status":"publish","type":"post","link":"https:\/\/www.europesays.com\/se\/122927\/","title":{"rendered":"Sj\u00f6str\u00f6m nobbar Stockholm: \u201dF\u00f6r tidigt\u201d"},"content":{"rendered":"<p class=\"sc-c25743f0-0 sc-e37c0145-2 hObFds DQgPn\">Skynda l\u00e5ngsamt. Det blir den trefaldiga OS-m\u00e4starinnans motto n\u00e4r hon nu ska tillbaka i full tr\u00e4ning.<\/p>\n<p class=\"sc-c25743f0-0 sc-e37c0145-2 hObFds DQgPn\">Det st\u00e5r klart n\u00e4r TT tr\u00e4ffar Sarah Sj\u00f6str\u00f6m hemma i j\u00e4ttevillan, 212 kvadratmeter, p\u00e5 Liding\u00f6 utanf\u00f6r Stockholm d\u00e4r hon och hennes man bott sedan 2022.<\/p>\n<p class=\"sc-c25743f0-0 sc-e37c0145-2 hObFds DQgPn\">Sj\u00f6str\u00f6m siktar p\u00e5 att simma EM i augusti och vill g\u00f6ra comeback s\u00e5 sent inp\u00e5 m\u00e4sterskapet som m\u00f6jligt, helst i juni. Det l\u00e5ngsiktiga m\u00e5let \u00e4r OS i Los Angeles 2028.<\/p>\n<p class=\"sc-c25743f0-0 sc-e37c0145-2 hObFds DQgPn\">Under intervjun i ett h\u00f6rn av k\u00f6ket \u00e4r maken Johan de Jong Skierus sysselsatt med en glatt jollrande Adrian, 4 m\u00e5nader, ett trappsteg ned i den sammanfl\u00e4tade vardagsrumsdelen.<\/p>\n<p class=\"sc-c25743f0-0 sc-e37c0145-2 hObFds DQgPn\">Sarah Sj\u00f6str\u00f6m f\u00f6dde sin son under dramatiska former i ambulansen utanf\u00f6r S\u00f6dersjukhuset i slutet av augusti.<\/p>\n<p>Adrian styr tiden<img decoding=\"async\" loading=\"lazy\" src=\"https:\/\/www.europesays.com\/se\/wp-content\/uploads\/2026\/01\/1767303760_964_.jpeg\" class=\"sc-73b4da02-4 hiJhTJ\"\/><\/p>\n<p class=\"sc-c25743f0-0 gMtMnA\">Mor och son myser tillsammans hemma i villan.<\/p>\n<p><img decoding=\"async\" itemprop=\"contentUrl\" loading=\"lazy\" src=\"https:\/\/www.europesays.com\/se\/wp-content\/uploads\/2026\/01\/1767303760_964_.jpeg\" alt=\"\" class=\"sc-6521091-0 bNsjRS\"\/>Mor och son myser tillsammans hemma i villan.<\/p>\n<p class=\"sc-c25743f0-0 sc-4a1f9703-0 GnxaU hgdzHk\">Foto: Fredrik Sandberg\/TT<\/p>\n<p class=\"sc-c25743f0-0 sc-e37c0145-2 hObFds DQgPn\">Adrian \u00e4r familjens fokus nummer ett. Samtidigt kommer pappa Johan att vara f\u00f6r\u00e4ldraledig n\u00e4r Sarah Sj\u00f6str\u00f6m b\u00f6rjar det h\u00e5rda jobbet med att komma tillbaka.<\/p>\n<p class=\"sc-c25743f0-0 sc-e37c0145-2 hObFds DQgPn\">Det g\u00f6r hon under en fem veckor l\u00e5ng resa till Sydafrika, kombinerad semester och tr\u00e4ning, och sedan p\u00e5 ett landslagsl\u00e4ger p\u00e5 Teneriffa i februari. Familjen \u00e4r med p\u00e5 b\u00e5da resorna.<\/p>\n<blockquote class=\"sc-dfea8419-1 euYjkq\">\n<p class=\"sc-c25743f0-0 sc-e37c0145-2 hObFds DQgPn\">Utmaningen just nu \u00e4r att hitta en livsstil och tr\u00e4ning som funkar med familj. Just nu \u00e4r det som enklast d\u00e5 Johan \u00e4r pappaledig till mars 2027, men sedan ska Adrian b\u00f6rja p\u00e5 f\u00f6rskolan, d\u00e5 \u00e4r det en ny typ av vardag som vi ska hitta igen.<\/p>\n<\/blockquote>\n<p class=\"sc-c25743f0-0 sc-e37c0145-2 hObFds DQgPn\">Sarah Sj\u00f6str\u00f6m har under st\u00f6rre delen av graviditeten och efter den h\u00e5llit i g\u00e5ng med tr\u00e4ning, men p\u00e5 en niv\u00e5 som hon sj\u00e4lv j\u00e4mst\u00e4ller med en motion\u00e4rs.<\/p>\n<p class=\"sc-c25743f0-0 sc-e37c0145-2 hObFds DQgPn\">P\u00e5 fr\u00e5gan var Sj\u00f6str\u00f6m nu \u00e4r fysiskt, svarar hon:<\/p>\n<blockquote class=\"sc-dfea8419-1 euYjkq\">\n<p class=\"sc-c25743f0-0 sc-e37c0145-2 hObFds DQgPn\">Jag har faktiskt ingen aning. Det jag och \u201dToni\u201d (tr\u00e4naren Antonio Lutula) har sagt \u00e4r att i januari 2027 ska jag vara i min vanliga form, men fram till dess k\u00e4nner jag ingen stress.<\/p>\n<\/blockquote>\n<p class=\"sc-c25743f0-0 sc-e37c0145-2 hObFds DQgPn\">Sarah Sj\u00f6str\u00f6m har inte t\u00e4vlat sedan i augusti 2024 i Stockholm, dagarna efter OS-guldsucc\u00e9n i Paris.<\/p>\n<blockquote class=\"sc-dfea8419-1 euYjkq\">\n<p class=\"sc-c25743f0-0 sc-e37c0145-2 hObFds DQgPn\">Just nu har jag bara k\u00f6rt superlugnt och f\u00f6rs\u00f6kt bygga upp min styrka, men det \u00e4r fortfarande skitl\u00e5ngt fr\u00e5n min b\u00e4sta niv\u00e5, s\u00e4ger hon.<\/p>\n<\/blockquote>\n<p><img decoding=\"async\" loading=\"lazy\" src=\"https:\/\/www.europesays.com\/se\/wp-content\/uploads\/2026\/01\/1767303761_385_.jpeg\" class=\"sc-73b4da02-4 hiJhTJ\"\/><\/p>\n<p class=\"sc-c25743f0-0 gMtMnA\">Sarah Sj\u00f6str\u00f6m i sitt hemmagym n\u00e4r tr\u00e4ningen nu skruvas upp.<\/p>\n<p><img decoding=\"async\" itemprop=\"contentUrl\" loading=\"lazy\" src=\"https:\/\/www.europesays.com\/se\/wp-content\/uploads\/2026\/01\/1767303761_385_.jpeg\" alt=\"\" class=\"sc-6521091-0 bNsjRS\"\/>Sarah Sj\u00f6str\u00f6m i sitt hemmagym n\u00e4r tr\u00e4ningen nu skruvas upp.<\/p>\n<p class=\"sc-c25743f0-0 sc-4a1f9703-0 GnxaU hgdzHk\">Foto: Fredrik Sandberg\/TT<\/p>\n<p>Brasklappen inf\u00f6r EM<\/p>\n<p class=\"sc-c25743f0-0 sc-e37c0145-2 hObFds DQgPn\">Sarah Sj\u00f6str\u00f6m cirklade tidigt in EM i Paris \u2013 staden d\u00e4r hon tog dubbla OS-guld 2024 \u2013 som ett m\u00e4sterskap hon vill simma.<\/p>\n<p class=\"sc-c25743f0-0 sc-e37c0145-2 hObFds DQgPn\">Siktet \u00e4r fortfarande inst\u00e4llt dit i augusti \u2013 men med en brasklapp:<\/p>\n<blockquote class=\"sc-dfea8419-1 euYjkq\">\n<p class=\"sc-c25743f0-0 sc-e37c0145-2 hObFds DQgPn\">Jag kommer inte att \u00e5ka dit och f\u00f6rs\u00f6ka t\u00e4vla om att ta mig till semifinal. Jag vill ju vara d\u00e4r och f\u00f6rs\u00f6ka prestera. Jag kommer att \u00e5ka dit om jag k\u00e4nner att det k\u00e4nns kul och positivt och att kroppen funkar, s\u00e4ger hon.<\/p>\n<\/blockquote>\n<p class=\"sc-c25743f0-0 sc-e37c0145-2 hObFds DQgPn\">Eftersom hon inte har n\u00e5gra tider att g\u00e5 p\u00e5 fr\u00e5n i fjol \u00e4r hon inte ens inkvalad till EM \u00e4nnu. N\u00e5got som, utan bakslag i comebacken, inte heller ska vara n\u00e5gra problem. Men&#8230;<\/p>\n<blockquote class=\"sc-dfea8419-1 euYjkq\">\n<p class=\"sc-c25743f0-0 sc-e37c0145-2 hObFds DQgPn\">Jag har aldrig kollat kvalregler i hela mitt liv (skratt). Jag har fortfarande inte pratat med Martina (f\u00f6rbundskapten Aronsson) eller \u201dToni\u201d n\u00e4r det g\u00e4ller det.<\/p>\n<\/blockquote>\n<p class=\"sc-c25743f0-0 sc-e37c0145-2 hObFds DQgPn\">Adrian leker vidare med pappa och n\u00e4r intervjun \u00e4r \u00f6ver och mamma n\u00e4rmar sig skiner sonen upp. Det g\u00f6r mamma v\u00e4rldsstj\u00e4rna ocks\u00e5.<\/p>\n<blockquote class=\"sc-dfea8419-1 euYjkq\">\n<p class=\"sc-c25743f0-0 sc-e37c0145-2 hObFds DQgPn\">Det \u00e4r j\u00e4ttemysiga dagar och det k\u00e4nns s\u00e5 lyxigt att Johan tar alla pappadagar s\u00e5 att vi har mycket tid tillsammans.<\/p>\n<\/blockquote>\n<p class=\"sc-c25743f0-0 sc-e37c0145-2 hObFds DQgPn\">Hur \u00e4r f\u00f6r\u00e4ldralivet?<\/p>\n<blockquote class=\"sc-dfea8419-1 euYjkq\">\n<p class=\"sc-c25743f0-0 sc-e37c0145-2 hObFds DQgPn\">Det k\u00e4ndes naturligt s\u00e5 snabbt att han \u00e4r en del av v\u00e5r familj och v\u00e5rt liv. Det \u00e4r n\u00e4stan s\u00e5 att man gl\u00f6mt bort hur livet var innan&#8230; p\u00e5 ett h\u00e4rligt s\u00e4tt s\u00e5 klart.<\/p>\n<\/blockquote>\n<p class=\"sc-c25743f0-0 sc-c5cf8a87-2 joNBdL gFLDso\">Fakta: Sarah Sj\u00f6str\u00f6m<\/p>\n<p class=\"sc-c25743f0-0 sc-e37c0145-2 hObFds DQgPn\">F\u00f6dd: 17 augusti 1993 (32 \u00e5r).<\/p>\n<p class=\"sc-c25743f0-0 sc-e37c0145-2 hObFds DQgPn\">Familj: Gift med Johan de Jong Skierus, 36, sonen Adrian, 4 m\u00e5nader.<\/p>\n<p class=\"sc-c25743f0-0 sc-e37c0145-2 hObFds DQgPn\">Fr\u00e4msta meriter: 3 OS-guld, 20 VM-guld (varav 14 i l\u00e5ngbana), 29 EM-guld (varav 17 i l\u00e5ngbana).<\/p>\n","protected":false},"excerpt":{"rendered":"Skynda l\u00e5ngsamt. Det blir den trefaldiga OS-m\u00e4starinnans motto n\u00e4r hon nu ska tillbaka i full tr\u00e4ning. Det st\u00e5r&hellip;\n","protected":false},"author":2,"featured_media":122928,"comment_status":"","ping_status":"","sticky":false,"template":"","format":"standard","meta":{"footnotes":""},"categories":[68],"tags":[34,111,110,31,33,32,30],"class_list":{"0":"post-122927","1":"post","2":"type-post","3":"status-publish","4":"format-standard","5":"has-post-thumbnail","7":"category-sport","8":"tag-se","9":"tag-sport","10":"tag-sports","11":"tag-svenska","12":"tag-sverige","13":"tag-sweden","14":"tag-swedish"},"share_on_mastodon":{"url":"https:\/\/pubeurope.com\/@se\/115822024654536830","error":""},"_links":{"self":[{"href":"https:\/\/www.europesays.com\/se\/wp-json\/wp\/v2\/posts\/122927","targetHints":{"allow":["GET"]}}],"collection":[{"href":"https:\/\/www.europesays.com\/se\/wp-json\/wp\/v2\/posts"}],"about":[{"href":"https:\/\/www.europesays.com\/se\/wp-json\/wp\/v2\/types\/post"}],"author":[{"embeddable":true,"href":"https:\/\/www.europesays.com\/se\/wp-json\/wp\/v2\/users\/2"}],"replies":[{"embeddable":true,"href":"https:\/\/www.europesays.com\/se\/wp-json\/wp\/v2\/comments?post=122927"}],"version-history":[{"count":0,"href":"https:\/\/www.europesays.com\/se\/wp-json\/wp\/v2\/posts\/122927\/revisions"}],"wp:featuredmedia":[{"embeddable":true,"href":"https:\/\/www.europesays.com\/se\/wp-json\/wp\/v2\/media\/122928"}],"wp:attachment":[{"href":"https:\/\/www.europesays.com\/se\/wp-json\/wp\/v2\/media?parent=122927"}],"wp:term":[{"taxonomy":"category","embeddable":true,"href":"https:\/\/www.europesays.com\/se\/wp-json\/wp\/v2\/categories?post=122927"},{"taxonomy":"post_tag","embeddable":true,"href":"https:\/\/www.europesays.com\/se\/wp-json\/wp\/v2\/tags?post=122927"}],"curies":[{"name":"wp","href":"https:\/\/api.w.org\/{rel}","templated":true}]}}