{"id":122929,"date":"2026-01-01T21:47:06","date_gmt":"2026-01-01T21:47:06","guid":{"rendered":"https:\/\/www.europesays.com\/se\/122929\/"},"modified":"2026-01-01T21:47:06","modified_gmt":"2026-01-01T21:47:06","slug":"vi-maste-vaga-lata-unga-vara-med-och-utforma-diakonin","status":"publish","type":"post","link":"https:\/\/www.europesays.com\/se\/122929\/","title":{"rendered":"Vi m\u00e5ste v\u00e5ga l\u00e5ta unga vara med och utforma diakonin"},"content":{"rendered":"<p class=\"kicker t20\" style=\"\">debatt<\/p>\n<p>    Glappen mellan unga och diakoni \u00e4r till f\u00f6r \u00f6verlappas. H\u00e4r \u00e4r ett antal v\u00e4gval som beh\u00f6ver g\u00f6ras.\u00a0<\/p>\n<p>\n        Bild fr\u00e5n ett tidigare reportage om matutdelning.<br \/>\n        Marcus Gustafsson\n    <\/p>\n<p>Unga och diakoni s\u00e4gs s\u00e4llan i samma mening. Ska vi gestalta<br \/>\ndiakoni i bilder \u00e4r s\u00e4llan unga m\u00e4nniskor med. Unga engagerar sig f\u00f6r utsatta<br \/>\nmedm\u00e4nniskor men kallar det inte diakoni. Varf\u00f6r? <\/p>\n<p>Vi, projektgruppen kunskapsutveckling diakoni och Svenska kyrkans<br \/>\nunga, har samtalat om vad diakoni \u00e4r och vilka sammanhang unga deltar i. Vi har<br \/>\nsett n\u00e5gra avg\u00f6rande v\u00e4gval som beh\u00f6ver g\u00f6ras och vill nu peka p\u00e5 glappen<br \/>\nmellan unga och diakoni, som \u00e4r till f\u00f6r \u00f6verlappas, samt visa p\u00e5 goda exempel.<\/p>\n<p>En stor utmaning \u00e4r att unga i m\u00e5nga fall inte ens h\u00f6rt<br \/>\nordet diakoni och \u00e4n mindre tr\u00e4ffat en diakon. M\u00e5nga unga saknar kunskap om<br \/>\ndiakoni och diakonens roll, och m\u00f6jligheten att som ung engagera sig i kyrkans<br \/>\ndiakonala arbete \u00e4r p\u00e5 m\u00e5nga platser obefintlig. Samtidigt \u00e4r<br \/>\nsamh\u00e4llsengagemanget bland unga stort, i synnerhet engagemanget f\u00f6r m\u00e4nniskor i<br \/>\nden lokala kontexten.<\/p>\n<p>Trots det stora engagemanget, talar man s\u00e4llan om unga som<br \/>\ndel i kyrkans diakonala arbete. Det finns v\u00e4gar f\u00f6r dem som vill engagera sig i<br \/>\nkonfirmandarbete eller internationell diakoni och mission, men f\u00f6r den som vill<br \/>\narbeta f\u00f6r r\u00e4ttvisa och att l\u00e4ra k\u00e4nna strukturer som drabbar utsatta i Sverige<br \/>\n\u00e4r det sv\u00e5rare. Inte ens det egna initiativet \u00e4r alltid v\u00e4lkommet. <\/p>\n<p>K\u00e4rnproblemet ligger i att ungdomsverksamheten ofta saknar<br \/>\nkoppling till det diakonala arbetet i f\u00f6rsamlingen. Verksamheten i f\u00f6rsamlingen<br \/>\ndelas upp mellan olika \u00e5ldersgrupper, d\u00e4r diakonerna leder verksamheter f\u00f6r<br \/>\nvuxna och \u00e4ldre och pedagoger m\u00f6ter barn och unga. N\u00e4r m\u00f6tesplatser saknas,<br \/>\nleder det till kunskapsbrist som b\u00e5de p\u00e5verkar ungas engagemang och kyrkans<br \/>\nkompetensf\u00f6rs\u00f6rjning.<\/p>\n<p>I m\u00f6tet med unga idag ser vi b\u00e5de en l\u00e4ngtan och en kraft.<br \/>\nDe vill bidra, f\u00f6r\u00e4ndra, f\u00f6rst\u00e5 och g\u00f6ra skillnad. F\u00f6rsamlingar beh\u00f6ver ge dem<br \/>\nm\u00f6jlighet att v\u00e4xa i ansvar. Det kr\u00e4ver att alla anst\u00e4llda har kompetens att<br \/>\nleda unga ideella och att vi skapar sammanhang d\u00e4r unga \u2013 och vuxna \u2013 f\u00e5r<br \/>\nuttrycka vad som engagerar dem och vara delaktiga p\u00e5 riktigt. <\/p>\n<p>F\u00f6r Svenska kyrkan beh\u00f6vs n\u00e5gra tydliga v\u00e4gval p\u00e5 alla<br \/>\nniv\u00e5er. Vi rekommenderar att<\/p>\n<ul>\n<li class=\"lab-bodytext-line\">F\u00f6rsamlingar skapar v\u00e4gar f\u00f6r olika former av<br \/>\nungt engagemang<\/li>\n<li class=\"lab-bodytext-line\">Ledarutbildningar f\u00f6r unga i diakonal praktik<\/li>\n<li class=\"lab-bodytext-line\">Diakoner \u00e4r synliga, n\u00e4rvarande och ansvariga i ungdomsarbetet<\/li>\n<li class=\"lab-bodytext-line\">\u00a0Unga i diakonal praktik finns med i SKUI:s<br \/>\nutbildningsplaner, g\u00e4rna i samverkan med Svenska Kyrkans Unga som har god<br \/>\nk\u00e4nnedom om vilka fr\u00e5gor som engagerar unga<\/li>\n<\/ul>\n<p>Andra samfund talar redan om ung diakoni; vi har inte r\u00e5d<br \/>\natt halka efter. Kyrkan beh\u00f6ver b\u00e5de unga som utbildar sig till diakoner och<br \/>\nunga som engagerar sig ideellt i diakonala verksamheter. F\u00f6r att det ska bli<br \/>\nm\u00f6jligt beh\u00f6ver vi f\u00f6r\u00e4ndra kulturen i v\u00e5rt bem\u00f6tande och i v\u00e5r syn p\u00e5 uppdrag,<br \/>\noch ta vara p\u00e5 den goda viljan som finns i alla \u00e5ldrar. <\/p>\n<p>Det finns goda exempel att luta sig mot: en f\u00f6rsamling<br \/>\nber\u00e4ttar hur de tidigt f\u00e5ngar upp ungas engagemang, l\u00e5ter dem formulera vad de<br \/>\n\u00e4r intresserade av, f\u00f6ljer upp med enskilda samtal och visar p\u00e5 olika v\u00e4gar<br \/>\nvidare \u2013 diakonalt arbete, musik, gudstj\u00e4nst, l\u00e4ger, demokrati. N\u00e4r n\u00e5gon inte<br \/>\nvill, eller inte l\u00e4ngre vill, vara konfirmandledare eller ung ledare sl\u00e4pper<br \/>\nman dem inte, utan s\u00f6ker tillsammans andra m\u00f6jligheter till engagemang. S\u00e5 kan<br \/>\nen kultur byggas, d\u00e4r unga ses som ideella medarbetare med egna g\u00e5vor och d\u00e4r<br \/>\nderas engagemang inte tappas bort utan f\u00f6rdjupas.<\/p>\n<p>Vi beh\u00f6ver v\u00e5ga l\u00e5ta unga inte bara motta, utan ocks\u00e5 forma<br \/>\nkyrkans diakonala praktik. Det handlar i grunden om vilken kyrka vi vill vara,<br \/>\nen kyrka d\u00e4r vissa praktiserar och andra mottar \u2013 eller en kyrka med m\u00f6tesplatser<br \/>\nd\u00e4r diakoni blir n\u00e5got man g\u00f6r tillsammans.<\/p>\n<p>Wilda Ewerklou, distriktsordf\u00f6rande Svenska Kyrkans Unga i<br \/>\nStr\u00e4ngn\u00e4s stift\u00a0<\/p>\n<p>Eva-Mari Karlsson Kempi, stiftsdiakon V\u00e4ster\u00e5s stift\u00a0<\/p>\n<p>Elin Lidgren, f\u00f6rbundsstyrelsen Svenska Kyrkans Unga\u00a0<\/p>\n<p>Victor M\u00e5nsson, assistent f\u00f6r Svenska Kyrkans Unga i V\u00e4ster\u00e5s Stift\u00a0<\/p>\n<p>Clara Olsson, f\u00f6rbundsordf\u00f6rande Svenska Kyrkans Unga\u00a0<\/p>\n<p>Lena Sj\u00f6berg, stiftsdiakon Link\u00f6pings stift\u00a0<\/p>\n<p>Eva Wenehult, stiftsdiakon Str\u00e4ngn\u00e4s stift Linda Wennerholm, stiftsdiakon Link\u00f6pings stift\u00a0<\/p>\n<p>H\u00f6k Erik Widenfalk, distriktsordf\u00f6rande Svenska Kyrkans Unga i V\u00e4ster\u00e5s stift<\/p>\n","protected":false},"excerpt":{"rendered":"debatt Glappen mellan unga och diakoni \u00e4r till f\u00f6r \u00f6verlappas. H\u00e4r \u00e4r ett antal v\u00e4gval som beh\u00f6ver g\u00f6ras.\u00a0&hellip;\n","protected":false},"author":2,"featured_media":122930,"comment_status":"","ping_status":"","sticky":false,"template":"","format":"standard","meta":{"footnotes":""},"categories":[12],"tags":[22,23,26,27,17,21,24,25,28,29,15,16,18,34,31,33,32,30,19,20],"class_list":{"0":"post-122929","1":"post","2":"type-post","3":"status-publish","4":"format-standard","5":"has-post-thumbnail","7":"category-sverige","8":"tag-breaking-news","9":"tag-breakingnews","10":"tag-featured-news","11":"tag-featurednews","12":"tag-headlines","13":"tag-huvudnyheter","14":"tag-latest-news","15":"tag-latestnews","16":"tag-main-news","17":"tag-mainnews","18":"tag-news","19":"tag-nyheter","20":"tag-rubriker","21":"tag-se","22":"tag-svenska","23":"tag-sverige","24":"tag-sweden","25":"tag-swedish","26":"tag-top-stories","27":"tag-topstories"},"share_on_mastodon":{"url":"https:\/\/pubeurope.com\/@se\/115822044370737153","error":""},"_links":{"self":[{"href":"https:\/\/www.europesays.com\/se\/wp-json\/wp\/v2\/posts\/122929","targetHints":{"allow":["GET"]}}],"collection":[{"href":"https:\/\/www.europesays.com\/se\/wp-json\/wp\/v2\/posts"}],"about":[{"href":"https:\/\/www.europesays.com\/se\/wp-json\/wp\/v2\/types\/post"}],"author":[{"embeddable":true,"href":"https:\/\/www.europesays.com\/se\/wp-json\/wp\/v2\/users\/2"}],"replies":[{"embeddable":true,"href":"https:\/\/www.europesays.com\/se\/wp-json\/wp\/v2\/comments?post=122929"}],"version-history":[{"count":0,"href":"https:\/\/www.europesays.com\/se\/wp-json\/wp\/v2\/posts\/122929\/revisions"}],"wp:featuredmedia":[{"embeddable":true,"href":"https:\/\/www.europesays.com\/se\/wp-json\/wp\/v2\/media\/122930"}],"wp:attachment":[{"href":"https:\/\/www.europesays.com\/se\/wp-json\/wp\/v2\/media?parent=122929"}],"wp:term":[{"taxonomy":"category","embeddable":true,"href":"https:\/\/www.europesays.com\/se\/wp-json\/wp\/v2\/categories?post=122929"},{"taxonomy":"post_tag","embeddable":true,"href":"https:\/\/www.europesays.com\/se\/wp-json\/wp\/v2\/tags?post=122929"}],"curies":[{"name":"wp","href":"https:\/\/api.w.org\/{rel}","templated":true}]}}