{"id":122931,"date":"2026-01-01T21:48:13","date_gmt":"2026-01-01T21:48:13","guid":{"rendered":"https:\/\/www.europesays.com\/se\/122931\/"},"modified":"2026-01-01T21:48:13","modified_gmt":"2026-01-01T21:48:13","slug":"trump-godkande-cias-plan-for-attbomba-putins-olja","status":"publish","type":"post","link":"https:\/\/www.europesays.com\/se\/122931\/","title":{"rendered":"Trump godk\u00e4nde CIA:s plan f\u00f6r att\nbomba Putins olja"},"content":{"rendered":"<p>Publicerad 1 jan 2026 kl 19.11Uppdaterad kl 22.23<\/p>\n<p>Ukraina har med framg\u00e5ng bombat flera ryska oljeraffinaderier.\u00a0<\/p>\n<p>Man har f\u00e5tt hj\u00e4lp i hemlighet \u2013 av USA.<\/p>\n<p>CIA har f\u00f6rsett den ukrainska milit\u00e4ren med avg\u00f6rande underr\u00e4ttelseinformation, rapporterar <a href=\"https:\/\/www.nytimes.com\/2025\/12\/30\/world\/europe\/ukraine-us-russia-takeaways.html\" rel=\"nofollow noopener\" target=\"_blank\">New York Times.<\/a><\/p>\n<p>Donald Trump har godk\u00e4nt planen.<\/p>\n<p><img   alt=\"\"\/><\/p>\n<p>CIA har, med president Donald Trumps godk\u00e4nnande, hj\u00e4lpt Ukraina att attackera ryska oljeanl\u00e4ggningar.<\/p>\n<p>Foto: DANIEL TOROK \/ AVALON \/ STELLA PICTURES<\/p>\n<p>\u00d6ppna bild i helsk\u00e4rm<img loading=\"lazy\"   alt=\"\"\/><\/p>\n<p>Attackerna mot de ryska oljeanl\u00e4ggningarna har inneburit kraftigt minskade int\u00e4kter till Vladimir Putins krigskassa.<\/p>\n<p>Foto: ALEXANDER KAZAKOV \/ AP \/ TT NYHETSBYR\u00c5N<\/p>\n<p>\u00d6ppna bild i helsk\u00e4rm<\/p>\n<p>Sedan i somras har <a href=\"https:\/\/www.expressen.se\/tagg\/location\/ukraina\/\" class=\"\" rel=\"nofollow noopener\" target=\"_blank\">Ukraina<\/a> systematiskt bombat en rad ryska oljeanl\u00e4ggningar, d\u00e4ribland raffinaderier och dep\u00e5er. Attackerna har orsakat en br\u00e4nslekris i Ryssland och inneburit kraftigt minskade int\u00e4kter till Vladimir Putins krigskassa.<\/p>\n<p>Artikeln i korthet <\/p>\n<p> Ukraina har sedan i somras bombat en rad oljeanl\u00e4ggningar i Ryssland.\u00a0<\/p>\n<p> Produktionskapaciteten och int\u00e4kterna har minskat kraftigt.\u00a0<\/p>\n<p> Enligt New York Times har CIA, med ett godk\u00e4nnande fr\u00e5n Donald Trump, sedan i juni f\u00f6rsett den ukrainska milit\u00e4ren med helt avg\u00f6rande underr\u00e4ttelser.\u00a0<\/p>\n<p>Visa mer<\/p>\n<p><a href=\"https:\/\/www.nytimes.com\/interactive\/2025\/12\/30\/world\/europe\/ukraine-war-us-russia.html\" rel=\"nofollow noopener\" target=\"_blank\">New York Times<\/a> rapporterar att CIA sedan juni i \u00e5r i hemlighet har f\u00f6rsett den ukrainska milit\u00e4ren med underr\u00e4ttelseinformation f\u00f6r att underl\u00e4tta attackerna mot de ryska oljeanl\u00e4ggningarna \u2013 och att president Trump godk\u00e4nt planen.\u00a0<\/p>\n<p>Planen ska vara utarbetad av CIA och den amerikanska milit\u00e4ren. Donald Trumps ska ha godk\u00e4nt den vid en tidpunkt d\u00e5 han var frustrerad \u00f6ver Vladimir Putins ovilja att f\u00f6ra fredssamtal.<\/p>\n<p>Ukraina attackerade rysk energiinfrastruktur \u00e4ven innan sommaren, men tr\u00e4ffade ofta anl\u00e4ggningar som relativt enkelt kunde repareras. De senare dr\u00f6narattackerna har orsakat betydligt mer skada. Orsaken? Man har slagit till mot en tidigare ok\u00e4nd akillesh\u00e4l.<\/p>\n<p><img loading=\"lazy\"   alt=\"\"\/><\/p>\n<p>En rysk oljeanl\u00e4ggning i brand.<\/p>\n<p>Foto: AP \/ AP TT NYHETSBYR\u00c5N<\/p>\n<p>\u00d6ppna bild i helsk\u00e4rmCIA gjorde viktig uppt\u00e4ckt<\/p>\n<p>New York Times rapporterar att en CIA-expert identifierat en specifik kopplingskomponent som \u00e4r mycket sv\u00e5r att ers\u00e4tta. Bombar man s\u00f6nder kopplingskomponenten kan anl\u00e4ggningen i fr\u00e5ga tvingas h\u00e5lla st\u00e4ngt i flera veckor.<\/p>\n<p>De ukrainska dr\u00f6narattackerna fick \u00f6nskad effekt. Rysslands kapacitet f\u00f6r oljeraffinering minskade kraftigt, vissa dagar med omkring 20 procent. Attackerna ska enligt tidningen ha kostat den ryska ekonomin runt 75 miljoner dollar per dag. Donald Trump ska ha ber\u00f6mt dem \u2013 bland annat f\u00f6r det f\u00f6rhandlings\u00f6vertag de gett honom, som vill f\u00e5 slut p\u00e5 kriget.\u00a0<\/p>\n<p><a href=\"https:\/\/www.expressen.se\/nyheter\/varlden\/putins-krigsdrag-satter-in-militaren-for-att-skydda-oljan\/\" rel=\"nofollow noopener\" target=\"_blank\">Vladimir Putin satte i oktober in milit\u00e4ren f\u00f6r att skydda oljeanl\u00e4ggningarna fr\u00e5n fler angrepp. <\/a>\u00a0<\/p>\n<p><img loading=\"lazy\"   alt=\"\"\/><\/p>\n<p>Volodymyr Zelenskyj tr\u00e4ffades nyligen f\u00f6r fredsf\u00f6rhandlingar vid Donald Trumps residens Mar-a-Lago i Palm Beach, Florida.<\/p>\n<p>Foto: DANIEL TOROK \/ AVALON \/ STELLA PICTURES<\/p>\n<p>\u00d6ppna bild i helsk\u00e4rmAttacker mot skuggflottan\u00a0<\/p>\n<p>I slutet av november b\u00f6rjade den ukrainska milit\u00e4ren \u00e4ven att bomba den ryska skyggflottan, som transporterar olja.<\/p>\n<p>Man har anv\u00e4nt l\u00e5ngdistansdr\u00f6nare, lastade med spr\u00e4ngmedel, f\u00f6r att spr\u00e4nga h\u00e5l i fartygen. Enligt New York Times har CIA f\u00e5tt tillst\u00e5nd att hj\u00e4lpa Ukraina \u00e4ven med detta.\u00a0<\/p>\n<p>Tidningens reportage bygger p\u00e5 uppgifter fr\u00e5n hundratals amerikanska tj\u00e4nstem\u00e4n inom bland annat s\u00e4kerhetsmyndigheter och milit\u00e4r, samt amerikanska, ukrainska och europeiska diplomater.<\/p>\n<p><strong>L\u00c4S MER: <\/strong><a href=\"https:\/\/www.expressen.se\/nyheter\/varlden\/analys-inga-bevis-for-pastadd-attack\/\" class=\"\" rel=\"nofollow noopener\" target=\"_blank\">Analys: Inga bevis f\u00f6r p\u00e5st\u00e5dd attack mot Putins bostad<\/a><strong>L\u00c4S MER: <\/strong><a href=\"https:\/\/www.expressen.se\/nyheter\/varlden\/putin-usa-haller-med-oss-kravet-pa-ukraina\/\" class=\"\" rel=\"nofollow noopener\" target=\"_blank\">Putins man: USA h\u00e5ller med oss \u2013 kravet p\u00e5 Ukraina<\/a><strong>L\u00c4S MER: <\/strong><a href=\"https:\/\/www.expressen.se\/nyheter\/varlden\/trump-och-zelenskyj-mots-i-florida\/\" class=\"\" rel=\"nofollow noopener\" target=\"_blank\">Trump efter m\u00f6tet med  Zelenskyj: \u201dStora framsteg\u201d<\/a><\/p>\n","protected":false},"excerpt":{"rendered":"Publicerad 1 jan 2026 kl 19.11Uppdaterad kl 22.23 Ukraina har med framg\u00e5ng bombat flera ryska oljeraffinaderier.\u00a0 Man har&hellip;\n","protected":false},"author":2,"featured_media":122932,"comment_status":"","ping_status":"","sticky":false,"template":"","format":"standard","meta":{"footnotes":""},"categories":[5],"tags":[22,23,26,27,17,21,24,25,274,202,28,29,15,16,5603,699,198,203,18,34,55,31,33,32,30,19,60,20],"class_list":{"0":"post-122931","1":"post","2":"type-post","3":"status-publish","4":"format-standard","5":"has-post-thumbnail","7":"category-rubriker","8":"tag-breaking-news","9":"tag-breakingnews","10":"tag-featured-news","11":"tag-featurednews","12":"tag-headlines","13":"tag-huvudnyheter","14":"tag-latest-news","15":"tag-latestnews","16":"tag-location-ryssland","17":"tag-location-ukraina","18":"tag-main-news","19":"tag-mainnews","20":"tag-news","21":"tag-nyheter","22":"tag-organization-cia","23":"tag-organization-new-york-times","24":"tag-person-donald-trump","25":"tag-person-vladimir-putin","26":"tag-rubriker","27":"tag-se","28":"tag-sections-varlden","29":"tag-svenska","30":"tag-sverige","31":"tag-sweden","32":"tag-swedish","33":"tag-top-stories","34":"tag-topic-krig-konflikt","35":"tag-topstories"},"share_on_mastodon":{"url":"https:\/\/pubeurope.com\/@se\/115822048252044659","error":""},"_links":{"self":[{"href":"https:\/\/www.europesays.com\/se\/wp-json\/wp\/v2\/posts\/122931","targetHints":{"allow":["GET"]}}],"collection":[{"href":"https:\/\/www.europesays.com\/se\/wp-json\/wp\/v2\/posts"}],"about":[{"href":"https:\/\/www.europesays.com\/se\/wp-json\/wp\/v2\/types\/post"}],"author":[{"embeddable":true,"href":"https:\/\/www.europesays.com\/se\/wp-json\/wp\/v2\/users\/2"}],"replies":[{"embeddable":true,"href":"https:\/\/www.europesays.com\/se\/wp-json\/wp\/v2\/comments?post=122931"}],"version-history":[{"count":0,"href":"https:\/\/www.europesays.com\/se\/wp-json\/wp\/v2\/posts\/122931\/revisions"}],"wp:featuredmedia":[{"embeddable":true,"href":"https:\/\/www.europesays.com\/se\/wp-json\/wp\/v2\/media\/122932"}],"wp:attachment":[{"href":"https:\/\/www.europesays.com\/se\/wp-json\/wp\/v2\/media?parent=122931"}],"wp:term":[{"taxonomy":"category","embeddable":true,"href":"https:\/\/www.europesays.com\/se\/wp-json\/wp\/v2\/categories?post=122931"},{"taxonomy":"post_tag","embeddable":true,"href":"https:\/\/www.europesays.com\/se\/wp-json\/wp\/v2\/tags?post=122931"}],"curies":[{"name":"wp","href":"https:\/\/api.w.org\/{rel}","templated":true}]}}