{"id":122948,"date":"2026-01-01T22:12:48","date_gmt":"2026-01-01T22:12:48","guid":{"rendered":"https:\/\/www.europesays.com\/se\/122948\/"},"modified":"2026-01-01T22:12:48","modified_gmt":"2026-01-01T22:12:48","slug":"fredsavtal-i-ukraina-kan-forsamra-svensk-sakerhet","status":"publish","type":"post","link":"https:\/\/www.europesays.com\/se\/122948\/","title":{"rendered":"Fredsavtal i Ukraina kan f\u00f6rs\u00e4mra svensk s\u00e4kerhet"},"content":{"rendered":"<p data-testid=\"lead\" itemprop=\"description\">\u201dDet \u00e4r redan ett sp\u00e4nt l\u00e4ge\u201d \u2022  Tecken p\u00e5 upprustning n\u00e4ra S:t Petersburg<\/p>\n<p class=\"sc-c25743f0-0 sc-e37c0145-2 hObFds DQgPn\">\u2013 Det \u00e4r redan ett sp\u00e4nt l\u00e4ge, men Ryssland har nu inte den s\u00e4kerhetspolitiska och milit\u00e4ra handlingsfriheten att utg\u00f6ra ett omedelbart hot p\u00e5 grund av sina begr\u00e4nsningar i Ukraina, och p\u00e5 grund av att man nu f\u00f6rbrukar v\u00e4ldigt mycket materiel och personal. Men det kommer ju inte att vara f\u00f6r evigt efter en freds\u00f6verenskommelse, s\u00e4ger Jonson till <a href=\"https:\/\/www.svt.se\/nyheter\/inrikes\/forsvarsministern-ryssland-kommer-att-fortsatta-vara-ett-hot\" class=\"pcc\" target=\"_blank\" rel=\"noopener noreferrer nofollow\">SVT<\/a>.<\/p>\n<p class=\"sc-c25743f0-0 sc-e37c0145-2 hObFds DQgPn\">Han utesluter inte att s\u00e4kerhetsl\u00e4get kan f\u00f6rs\u00e4mras i och med ett fredsavtal. <\/p>\n<p>Finns tecken p\u00e5 upprustning<\/p>\n<p class=\"sc-c25743f0-0 sc-e37c0145-2 hObFds DQgPn\">Jonson betonar att det \u00e4r av stor vikt att en freds\u00f6verenskommelse i mesta m\u00f6jliga sker p\u00e5 Ukrainas villkor men ett avtal betyder \u00e4nd\u00e5 att Ryssland kan omdisponera sina milit\u00e4ra resurser n\u00e4rmare Sverige.<\/p>\n<p class=\"sc-c25743f0-0 sc-e37c0145-2 hObFds DQgPn\">Enligt f\u00f6rsvarsministern finns det redan tecken p\u00e5 att Ryssland rustar milit\u00e4rt i n\u00e4rheten av S:t Petersburg.<\/p>\n<p class=\"sc-c25743f0-0 sc-e37c0145-2 hObFds DQgPn\">P\u00e5l Jonson s\u00e4ger att Ryssland kommer att utg\u00f6ra ett l\u00e5ngvarigt hot mot b\u00e5de Sverige och Nato.<\/p>\n","protected":false},"excerpt":{"rendered":"\u201dDet \u00e4r redan ett sp\u00e4nt l\u00e4ge\u201d \u2022 Tecken p\u00e5 upprustning n\u00e4ra S:t Petersburg \u2013 Det \u00e4r redan ett&hellip;\n","protected":false},"author":2,"featured_media":122949,"comment_status":"","ping_status":"","sticky":false,"template":"","format":"standard","meta":{"footnotes":""},"categories":[12],"tags":[22,23,26,27,17,21,24,25,28,29,15,16,18,34,31,33,32,30,19,20],"class_list":{"0":"post-122948","1":"post","2":"type-post","3":"status-publish","4":"format-standard","5":"has-post-thumbnail","7":"category-sverige","8":"tag-breaking-news","9":"tag-breakingnews","10":"tag-featured-news","11":"tag-featurednews","12":"tag-headlines","13":"tag-huvudnyheter","14":"tag-latest-news","15":"tag-latestnews","16":"tag-main-news","17":"tag-mainnews","18":"tag-news","19":"tag-nyheter","20":"tag-rubriker","21":"tag-se","22":"tag-svenska","23":"tag-sverige","24":"tag-sweden","25":"tag-swedish","26":"tag-top-stories","27":"tag-topstories"},"share_on_mastodon":{"url":"https:\/\/pubeurope.com\/@se\/115822146505722258","error":""},"_links":{"self":[{"href":"https:\/\/www.europesays.com\/se\/wp-json\/wp\/v2\/posts\/122948","targetHints":{"allow":["GET"]}}],"collection":[{"href":"https:\/\/www.europesays.com\/se\/wp-json\/wp\/v2\/posts"}],"about":[{"href":"https:\/\/www.europesays.com\/se\/wp-json\/wp\/v2\/types\/post"}],"author":[{"embeddable":true,"href":"https:\/\/www.europesays.com\/se\/wp-json\/wp\/v2\/users\/2"}],"replies":[{"embeddable":true,"href":"https:\/\/www.europesays.com\/se\/wp-json\/wp\/v2\/comments?post=122948"}],"version-history":[{"count":0,"href":"https:\/\/www.europesays.com\/se\/wp-json\/wp\/v2\/posts\/122948\/revisions"}],"wp:featuredmedia":[{"embeddable":true,"href":"https:\/\/www.europesays.com\/se\/wp-json\/wp\/v2\/media\/122949"}],"wp:attachment":[{"href":"https:\/\/www.europesays.com\/se\/wp-json\/wp\/v2\/media?parent=122948"}],"wp:term":[{"taxonomy":"category","embeddable":true,"href":"https:\/\/www.europesays.com\/se\/wp-json\/wp\/v2\/categories?post=122948"},{"taxonomy":"post_tag","embeddable":true,"href":"https:\/\/www.europesays.com\/se\/wp-json\/wp\/v2\/tags?post=122948"}],"curies":[{"name":"wp","href":"https:\/\/api.w.org\/{rel}","templated":true}]}}