{"id":122957,"date":"2026-01-01T22:20:35","date_gmt":"2026-01-01T22:20:35","guid":{"rendered":"https:\/\/www.europesays.com\/se\/122957\/"},"modified":"2026-01-01T22:20:35","modified_gmt":"2026-01-01T22:20:35","slug":"ovadret-anna-flera-umeatag-stalls-in-vasterbottens-kuriren","status":"publish","type":"post","link":"https:\/\/www.europesays.com\/se\/122957\/","title":{"rendered":"Ov\u00e4dret Anna: Flera Ume\u00e5t\u00e5g st\u00e4lls in &#8211; V\u00e4sterbottens-Kuriren"},"content":{"rendered":"<ol>\n<li><a href=\"https:\/\/news.google.com\/rss\/articles\/CBMie0FVX3lxTFA1WGZTT1pxWml1UnZMZnNqZVlieXUxdVhqRm5wWGRyNVlYR0FRYlVhWWFIdkJRZWtCcWJQZm50R2IwdGVFczdnWTRSaWxGRm1rem1XeXVTQWpZYllkRlg3MnRZQWY3SHBiR2l0TXBQTTVrZDJ5dndwNFJsQQ?oc=5\" target=\"_blank\" rel=\"nofollow noopener\">Ov\u00e4dret Anna: Flera Ume\u00e5t\u00e5g st\u00e4lls in<\/a>&nbsp;&nbsp;V\u00e4sterbottens-Kuriren<\/li>\n<li><a href=\"https:\/\/news.google.com\/rss\/articles\/CBMitAFBVV95cUxNRTRsblAxSDFmbnhBc1oyaDFjNEljOUdvbUxGRUVBRmFNQ3JOOE16TFQ1X0VLRkV3VmhDNXNpRmZ5dmpsbWdxbVozUjlXNDlSdFN0VzZJM2lDN1NJaE1iM0t1aUNLSTcwLUpLaVFUX1NtZkhPcE5GdUxQVVB2enZCOXNkOGJnTGtqU0hNWFB1bGJPbF93THFvWmlYX0FFQ002Z2dMNmJFY1NGNEFuQ1BIaGtTRDg?oc=5\" target=\"_blank\" rel=\"nofollow noopener\">Flera inst\u00e4llda t\u00e5g i norra Sverige p\u00e5 ny\u00e5rsdagen<\/a>&nbsp;&nbsp;SVT Nyheter<\/li>\n<li><a href=\"https:\/\/news.google.com\/rss\/articles\/CBMijgFBVV95cUxNdHpOQS1FZGdldDZubGpjT2tqSFgwM3NSS05LcHBpbEw5V21tSUR3NmwweFpVSjRxdXgtTUZDa1J6OEFQNkJtVHJvd0NBS2NIeUdpVTFVUTByZnViOEJZRHNWc0dzZE40OTd1dng2U1RQZE11MENPUFpKOVBHeHEzZ1FmZFhsbnhjWXBDWEFR?oc=5\" target=\"_blank\" rel=\"nofollow noopener\">Flera t\u00e5g inst\u00e4llda \u2013 Trafikverket: \u201dExtremt sn\u00f6fall\u201d<\/a>&nbsp;&nbsp;Sveriges Radio<\/li>\n<li><a href=\"https:\/\/news.google.com\/rss\/articles\/CBMiigFBVV95cUxPel9xZjZhMVMzMEExWUhKMkNFQ0RUQ19Uei00Ujdzb2FxQzNINkthanNKeXJtV3JEa3gzalRlMXNPZ2c5TWNLT3BUcDVoX2RSTHB1R21VblItYm1NQ19VUkszejhIS3hwcWVDblZDLTRiSGxwZmZ6VjNFN3Mtd2N5RWtIa3c3NkxfOGc?oc=5\" target=\"_blank\" rel=\"nofollow noopener\">SJ st\u00e4ller in all t\u00e5gtrafik i Sundsvall<\/a>&nbsp;&nbsp;Aftonbladet<\/li>\n<li><a href=\"https:\/\/news.google.com\/rss\/articles\/CBMid0FVX3lxTE9zcHNiVjB6d0NiS0NkeVVaX1VKM1dNOVhqX3ZfZTlmWU9sanRZS1U4b25hd0NLQ1VNaHRScTVCdmxZNUZpeEFXMFA1R01wOVRzbVdseWlEM09sM3NOMUhIdDNHb1BncW1tWFpsSy1fNXVka3RMdzRn?oc=5\" target=\"_blank\" rel=\"nofollow noopener\">SJ st\u00e4ller in t\u00e5gen p\u00e5 grund av ov\u00e4der<\/a>&nbsp;&nbsp;\u00d6stersunds-Posten<\/li>\n<\/ol>\n","protected":false},"excerpt":{"rendered":"Ov\u00e4dret Anna: Flera Ume\u00e5t\u00e5g st\u00e4lls in&nbsp;&nbsp;V\u00e4sterbottens-Kuriren Flera inst\u00e4llda t\u00e5g i norra Sverige p\u00e5 ny\u00e5rsdagen&nbsp;&nbsp;SVT Nyheter Flera t\u00e5g inst\u00e4llda&hellip;\n","protected":false},"author":2,"featured_media":122958,"comment_status":"","ping_status":"","sticky":false,"template":"","format":"standard","meta":{"footnotes":""},"categories":[12],"tags":[22,23,26,27,17,21,24,25,28,29,15,16,18,34,31,33,32,30,19,20],"class_list":{"0":"post-122957","1":"post","2":"type-post","3":"status-publish","4":"format-standard","5":"has-post-thumbnail","7":"category-sverige","8":"tag-breaking-news","9":"tag-breakingnews","10":"tag-featured-news","11":"tag-featurednews","12":"tag-headlines","13":"tag-huvudnyheter","14":"tag-latest-news","15":"tag-latestnews","16":"tag-main-news","17":"tag-mainnews","18":"tag-news","19":"tag-nyheter","20":"tag-rubriker","21":"tag-se","22":"tag-svenska","23":"tag-sverige","24":"tag-sweden","25":"tag-swedish","26":"tag-top-stories","27":"tag-topstories"},"share_on_mastodon":{"url":"https:\/\/pubeurope.com\/@se\/115822174042777990","error":""},"_links":{"self":[{"href":"https:\/\/www.europesays.com\/se\/wp-json\/wp\/v2\/posts\/122957","targetHints":{"allow":["GET"]}}],"collection":[{"href":"https:\/\/www.europesays.com\/se\/wp-json\/wp\/v2\/posts"}],"about":[{"href":"https:\/\/www.europesays.com\/se\/wp-json\/wp\/v2\/types\/post"}],"author":[{"embeddable":true,"href":"https:\/\/www.europesays.com\/se\/wp-json\/wp\/v2\/users\/2"}],"replies":[{"embeddable":true,"href":"https:\/\/www.europesays.com\/se\/wp-json\/wp\/v2\/comments?post=122957"}],"version-history":[{"count":0,"href":"https:\/\/www.europesays.com\/se\/wp-json\/wp\/v2\/posts\/122957\/revisions"}],"wp:featuredmedia":[{"embeddable":true,"href":"https:\/\/www.europesays.com\/se\/wp-json\/wp\/v2\/media\/122958"}],"wp:attachment":[{"href":"https:\/\/www.europesays.com\/se\/wp-json\/wp\/v2\/media?parent=122957"}],"wp:term":[{"taxonomy":"category","embeddable":true,"href":"https:\/\/www.europesays.com\/se\/wp-json\/wp\/v2\/categories?post=122957"},{"taxonomy":"post_tag","embeddable":true,"href":"https:\/\/www.europesays.com\/se\/wp-json\/wp\/v2\/tags?post=122957"}],"curies":[{"name":"wp","href":"https:\/\/api.w.org\/{rel}","templated":true}]}}