{"id":122959,"date":"2026-01-01T22:21:24","date_gmt":"2026-01-01T22:21:24","guid":{"rendered":"https:\/\/www.europesays.com\/se\/122959\/"},"modified":"2026-01-01T22:21:24","modified_gmt":"2026-01-01T22:21:24","slug":"manchester-city-tappade-poang-mot-sunderland","status":"publish","type":"post","link":"https:\/\/www.europesays.com\/se\/122959\/","title":{"rendered":"Manchester City tappade po\u00e4ng mot Sunderland"},"content":{"rendered":"<p><a data-test-tag=\"internal-link\" href=\"https:\/\/www.aftonbladet.se\/av\/makoto-asahara\" class=\"hyperion-css-13ns1rr\" rel=\"nofollow noopener\" target=\"\" aria-label=\"Se alla artiklar av Makoto Asahara\"><img decoding=\"async\" class=\"image-asset hyperion-css-n6kkq1\" data-test-tag=\"image-asset\" src=\"https:\/\/www.europesays.com\/se\/wp-content\/uploads\/2026\/01\/1767306084_358_d489d8e9-feec-41cf-aec5-f7f6eb5fd94e.png\"  alt=\"\"  loading=\"lazy\" fetchpriority=\"auto\" style=\"aspect-ratio:1900 \/ 1900\"\/><\/a><\/p>\n<p class=\"boxtextgrotesk-root_baa6 hyperion-css-1w346fg\">Uppdaterad 23.00 | Publicerad 22.56<\/p>\n<p>share-arrowDela<\/p>\n<p>unsaveSpara<\/p>\n<p class=\"hyperion-css-1shl3oz\" data-test-tag=\"lead-text\">Manchester City hade chansen att haka p\u00e5 Arsenal i tabelltoppen.<\/p>\n<p class=\"hyperion-css-1shl3oz\" data-test-tag=\"lead-text\">De tog den inte.<\/p>\n<p class=\"hyperion-css-1shl3oz\" data-test-tag=\"lead-text\">Succ\u00e9nykomlingen Sunderland lyckade st\u00e4nga igen mot Pep Guardiolas mannar och l\u00f6sa ett 0\u20130-resultat.<\/p>\n<p class=\"hyperion-css-1v9qo5x\"><a data-test-tag=\"internal-link\" href=\"https:\/\/www.aftonbladet.se\/tagg\/manchester-city\" class=\"hyperion-css-15jkft9\" rel=\"nofollow noopener\" target=\"\" aria-label=\"Manchester City\" theme=\"sportbladet\">Manchester City<\/a> startade p\u00e5 sedvanligt man\u00e9r med stj\u00e4rnor som Erling Braut Haaland, Phil Foden och Rayan Cherki i offensiven.<\/p>\n<p class=\"hyperion-css-1v9qo5x\">Men det r\u00e4ckte inte f\u00f6r att f\u00e5 h\u00e5l p\u00e5 nykomlingen Sunderland p\u00e5 Stadium of Light.<\/p>\n<p class=\"hyperion-css-1v9qo5x\">Det r\u00f6dvita hemmalaget st\u00e4ngde igen butiken och l\u00f6ste ett 0\u20130-resultat.<\/p>\n<p class=\"hyperion-css-1v9qo5x\">D\u00e4rmed tog en svit p\u00e5 \u00e5tta raka vinnande t\u00e4vlingsmatcher slut f\u00f6r Manchester City.<\/p>\n<p class=\"hyperion-css-1v9qo5x\">\u2013 Det \u00e4r tv\u00e5 po\u00e4ng som City kastar bort, s\u00e4ger experten Bojan Djordjic i Viaplays s\u00e4ndning.<\/p>\n<p>Gonzalez och Savinho skadade<\/p>\n<p class=\"hyperion-css-1v9qo5x\">Torsdagens resultat inneb\u00e4r att serieledande Arsenal, genom segern mot Aston Villa i tisdags, g\u00e5r till \u201dhalvtidspaus\u201d i <a data-test-tag=\"internal-link\" href=\"https:\/\/www.aftonbladet.se\/tagg\/premier-league\" class=\"hyperion-css-15jkft9\" rel=\"nofollow noopener\" target=\"\" aria-label=\"Premier League\" theme=\"sportbladet\">Premier League<\/a> med ett fyra po\u00e4ng stort gap ned till City.<\/p>\n<p class=\"hyperion-css-1v9qo5x\">Som om inte det var nog \u00e5kte Pep Guardiolas mannar p\u00e5 ett par skador under matchens g\u00e5ng. Mittf\u00e4ltaren Nico Gonzalez tvingades kliva av i paus. Och kort in p\u00e5 den andra halvleken var det \u00e4ven f\u00e4rdigspelat f\u00f6r yttern Savinho.<\/p>\n<p class=\"hyperion-css-1v9qo5x\">check <strong>&#8211; Texten uppdateras.<\/strong><\/p>\n<p>chevron-leftf\u00f6reg\u00e5endechevron-rightn\u00e4staPep Guardiola.<\/p>\n<p>1 \/ 3Foto: George Wood \/ Getty Images<\/p>\n<p>H\u00e4ndelserInb\u00f6rdes m\u00f6ten5 senasteLaguppst\u00e4llningTabell<\/p>\n","protected":false},"excerpt":{"rendered":"Uppdaterad 23.00 | Publicerad 22.56 share-arrowDela unsaveSpara Manchester City hade chansen att haka p\u00e5 Arsenal i tabelltoppen. De&hellip;\n","protected":false},"author":2,"featured_media":122960,"comment_status":"","ping_status":"","sticky":false,"template":"","format":"standard","meta":{"footnotes":""},"categories":[5],"tags":[22,23,26,27,17,21,24,25,28,29,15,16,18,34,31,33,32,30,19,20],"class_list":{"0":"post-122959","1":"post","2":"type-post","3":"status-publish","4":"format-standard","5":"has-post-thumbnail","7":"category-rubriker","8":"tag-breaking-news","9":"tag-breakingnews","10":"tag-featured-news","11":"tag-featurednews","12":"tag-headlines","13":"tag-huvudnyheter","14":"tag-latest-news","15":"tag-latestnews","16":"tag-main-news","17":"tag-mainnews","18":"tag-news","19":"tag-nyheter","20":"tag-rubriker","21":"tag-se","22":"tag-svenska","23":"tag-sverige","24":"tag-sweden","25":"tag-swedish","26":"tag-top-stories","27":"tag-topstories"},"share_on_mastodon":{"url":"https:\/\/pubeurope.com\/@se\/115822177964710931","error":""},"_links":{"self":[{"href":"https:\/\/www.europesays.com\/se\/wp-json\/wp\/v2\/posts\/122959","targetHints":{"allow":["GET"]}}],"collection":[{"href":"https:\/\/www.europesays.com\/se\/wp-json\/wp\/v2\/posts"}],"about":[{"href":"https:\/\/www.europesays.com\/se\/wp-json\/wp\/v2\/types\/post"}],"author":[{"embeddable":true,"href":"https:\/\/www.europesays.com\/se\/wp-json\/wp\/v2\/users\/2"}],"replies":[{"embeddable":true,"href":"https:\/\/www.europesays.com\/se\/wp-json\/wp\/v2\/comments?post=122959"}],"version-history":[{"count":0,"href":"https:\/\/www.europesays.com\/se\/wp-json\/wp\/v2\/posts\/122959\/revisions"}],"wp:featuredmedia":[{"embeddable":true,"href":"https:\/\/www.europesays.com\/se\/wp-json\/wp\/v2\/media\/122960"}],"wp:attachment":[{"href":"https:\/\/www.europesays.com\/se\/wp-json\/wp\/v2\/media?parent=122959"}],"wp:term":[{"taxonomy":"category","embeddable":true,"href":"https:\/\/www.europesays.com\/se\/wp-json\/wp\/v2\/categories?post=122959"},{"taxonomy":"post_tag","embeddable":true,"href":"https:\/\/www.europesays.com\/se\/wp-json\/wp\/v2\/tags?post=122959"}],"curies":[{"name":"wp","href":"https:\/\/api.w.org\/{rel}","templated":true}]}}