{"id":122967,"date":"2026-01-01T22:29:09","date_gmt":"2026-01-01T22:29:09","guid":{"rendered":"https:\/\/www.europesays.com\/se\/122967\/"},"modified":"2026-01-01T22:29:09","modified_gmt":"2026-01-01T22:29:09","slug":"mallost-i-thomas-franks-aterkomst-till-brentford-poangtapp-for-tottenham","status":"publish","type":"post","link":"https:\/\/www.europesays.com\/se\/122967\/","title":{"rendered":"M\u00e5ll\u00f6st i Thomas Franks \u00e5terkomst till Brentford \u2013 po\u00e4ngtapp f\u00f6r Tottenham"},"content":{"rendered":"<p><a data-test-tag=\"internal-link\" href=\"https:\/\/www.aftonbladet.se\/av\/makoto-asahara\" class=\"hyperion-css-13ns1rr\" rel=\"nofollow noopener\" target=\"\" aria-label=\"Se alla artiklar av Makoto Asahara\"><img decoding=\"async\" class=\"image-asset hyperion-css-n6kkq1\" data-test-tag=\"image-asset\" src=\"https:\/\/www.europesays.com\/se\/wp-content\/uploads\/2026\/01\/1767306548_393_d489d8e9-feec-41cf-aec5-f7f6eb5fd94e.png\"  alt=\"\"  loading=\"lazy\" fetchpriority=\"auto\" style=\"aspect-ratio:1900 \/ 1900\"\/><\/a><\/p>\n<p class=\"boxtextgrotesk-root_baa6 hyperion-css-1w346fg\">Uppdaterad 22.54 | Publicerad 22.54<\/p>\n<p>share-arrowDela<\/p>\n<p>unsaveSpara<\/p>\n<p class=\"hyperion-css-1shl3oz\" data-test-tag=\"lead-text\">Tottenhamtr\u00e4naren Thomas Frank var tillbaka p\u00e5 gamla jaktmarker i jakt p\u00e5 tre Tottenhampo\u00e4ng.<\/p>\n<p class=\"hyperion-css-1shl3oz\" data-test-tag=\"lead-text\">Han fick n\u00f6ja sig med ett m\u00e5ll\u00f6st kryss.<\/p>\n<p class=\"hyperion-css-1v9qo5x\">Thomas Frank, 52, har varit en pressad man p\u00e5 Tottenhams tr\u00e4narstol under den f\u00f6rsta halvan av s\u00e4songen. Under torsdagen \u00e5terv\u00e4nde dansken f\u00f6r f\u00f6rsta g\u00e5ngen som Tottenhamtr\u00e4nare till sin gamla hemmaplan, n\u00e4mligen Brentford Community Stadium f\u00f6r ett m\u00f6te med hans gamla arbetsgivare.<\/p>\n<p class=\"hyperion-css-1v9qo5x\">Och han fick inte med sig en andra raka seger.<\/p>\n<p class=\"hyperion-css-1v9qo5x\">Brentford h\u00f6ll Spurs m\u00e5ll\u00f6sa och lagen delade p\u00e5 po\u00e4ngen efter en s\u00f6mning tillst\u00e4llning, vars slutsignal m\u00f6ttes av spridda burop fr\u00e5n hemmafansen.<\/p>\n<p>Inga svenskar p\u00e5 planen<\/p>\n<p class=\"hyperion-css-1v9qo5x\">Krysset inneb\u00e4r att Tottenham, som minst sagt blandat och gett under den f\u00f6rsta halvan av s\u00e4songen, ligger p\u00e5 12:e plats efter att 19 av 38 omg\u00e5ngar spelats.<\/p>\n<p class=\"hyperion-css-1v9qo5x\">B\u00e5da Tottenhams svenskar saknades i \u00e5rets f\u00f6rsta match.<\/p>\n<p class=\"hyperion-css-1v9qo5x\">Dejan Kulusevski har varit borta hela s\u00e4songen med en l\u00e5ngtidsskada och Lucas Bergvall fick utg\u00e5 tidigt i m\u00f6tet med Crystal Palace i s\u00f6ndags.<\/p>\n<p class=\"hyperion-css-1v9qo5x\">check <strong>&#8211; Texten uppdateras.<\/strong><\/p>\n<p>expand-left<\/p>\n<p>helsk\u00e4rm<img decoding=\"async\" class=\"image-asset hyperion-css-u06ts1\" data-test-tag=\"image-asset\" src=\"https:\/\/www.europesays.com\/se\/wp-content\/uploads\/2026\/01\/34ca96c3-e559-4ffe-a5ea-6cc989335d63.jpeg\"  alt=\"Thomas Frank.\"  loading=\"eager\" fetchpriority=\"high\" style=\"aspect-ratio:1414 \/ 2066\"\/>Thomas Frank. Foto: Clive Rose \/ Getty ImagesH\u00e4ndelserInb\u00f6rdes m\u00f6ten5 senasteLaguppst\u00e4llningTabell<\/p>\n","protected":false},"excerpt":{"rendered":"Uppdaterad 22.54 | Publicerad 22.54 share-arrowDela unsaveSpara Tottenhamtr\u00e4naren Thomas Frank var tillbaka p\u00e5 gamla jaktmarker i jakt p\u00e5&hellip;\n","protected":false},"author":2,"featured_media":122968,"comment_status":"","ping_status":"","sticky":false,"template":"","format":"standard","meta":{"footnotes":""},"categories":[5],"tags":[22,23,26,27,17,21,24,25,28,29,15,16,18,34,31,33,32,30,19,20],"class_list":{"0":"post-122967","1":"post","2":"type-post","3":"status-publish","4":"format-standard","5":"has-post-thumbnail","7":"category-rubriker","8":"tag-breaking-news","9":"tag-breakingnews","10":"tag-featured-news","11":"tag-featurednews","12":"tag-headlines","13":"tag-huvudnyheter","14":"tag-latest-news","15":"tag-latestnews","16":"tag-main-news","17":"tag-mainnews","18":"tag-news","19":"tag-nyheter","20":"tag-rubriker","21":"tag-se","22":"tag-svenska","23":"tag-sverige","24":"tag-sweden","25":"tag-swedish","26":"tag-top-stories","27":"tag-topstories"},"share_on_mastodon":{"url":"https:\/\/pubeurope.com\/@se\/115822209422427874","error":""},"_links":{"self":[{"href":"https:\/\/www.europesays.com\/se\/wp-json\/wp\/v2\/posts\/122967","targetHints":{"allow":["GET"]}}],"collection":[{"href":"https:\/\/www.europesays.com\/se\/wp-json\/wp\/v2\/posts"}],"about":[{"href":"https:\/\/www.europesays.com\/se\/wp-json\/wp\/v2\/types\/post"}],"author":[{"embeddable":true,"href":"https:\/\/www.europesays.com\/se\/wp-json\/wp\/v2\/users\/2"}],"replies":[{"embeddable":true,"href":"https:\/\/www.europesays.com\/se\/wp-json\/wp\/v2\/comments?post=122967"}],"version-history":[{"count":0,"href":"https:\/\/www.europesays.com\/se\/wp-json\/wp\/v2\/posts\/122967\/revisions"}],"wp:featuredmedia":[{"embeddable":true,"href":"https:\/\/www.europesays.com\/se\/wp-json\/wp\/v2\/media\/122968"}],"wp:attachment":[{"href":"https:\/\/www.europesays.com\/se\/wp-json\/wp\/v2\/media?parent=122967"}],"wp:term":[{"taxonomy":"category","embeddable":true,"href":"https:\/\/www.europesays.com\/se\/wp-json\/wp\/v2\/categories?post=122967"},{"taxonomy":"post_tag","embeddable":true,"href":"https:\/\/www.europesays.com\/se\/wp-json\/wp\/v2\/tags?post=122967"}],"curies":[{"name":"wp","href":"https:\/\/api.w.org\/{rel}","templated":true}]}}