{"id":12297,"date":"2025-08-24T07:29:21","date_gmt":"2025-08-24T07:29:21","guid":{"rendered":"https:\/\/www.europesays.com\/se\/12297\/"},"modified":"2025-08-24T07:29:21","modified_gmt":"2025-08-24T07:29:21","slug":"brand-vid-karnkraftverk-i-kursk-traffades-av-ukrainsk-dronare","status":"publish","type":"post","link":"https:\/\/www.europesays.com\/se\/12297\/","title":{"rendered":"Brand vid k\u00e4rnkraftverk i Kursk \u2013 tr\u00e4ffades av ukrainsk dr\u00f6nare"},"content":{"rendered":"<p>En brand br\u00f6t ut vid ett k\u00e4rnkraftverk i ryska regionen Kursk natten mot s\u00f6ndag.<\/p>\n<p>Str\u00e5lningsniv\u00e5erna \u00e4r normala, enligt anl\u00e4ggningen.\u00a0<\/p>\n<p>Men det finns uppenbara risker, enligt FN:s atomenergiorgan IAEA.<\/p>\n<p><img   alt=\"\"\/><\/p>\n<p>K\u00e4rnkraftverket i den ryska regionen Kursk.<\/p>\n<p>Foto: STRINGER \/ EPA<\/p>\n<p>\u00d6ppna bild i helsk\u00e4rm<\/p>\n<p><a href=\"https:\/\/www.expressen.se\/tagg\/location\/ryssland\/\" class=\"\" rel=\"nofollow noopener\" target=\"_blank\">Ryssland<\/a> sk\u00f6t under natten till s\u00f6ndag ner en ukrainsk dr\u00f6nare vid ett k\u00e4rnkraftverk utanf\u00f6r staden Kursk, rapporterar Reuters.<\/p>\n<p>\u201dDr\u00f6naren detonerade n\u00e4r den slog ner, vilket resulterade i skador p\u00e5 en transformatorenhet\u201d, skriver Kursks k\u00e4rnkraftverk p\u00e5 Telegram.<\/p>\n<p>Elden har nu sl\u00e4ckts, men anl\u00e4ggningen tvingades s\u00e4nka sin kapacitet till 50 procent under r\u00e4ddningsinsatsen. Ingen person skadades.\u00a0<\/p>\n<p>Ett svar p\u00e5 Moskvas krigf\u00f6ring<\/p>\n<p>Str\u00e5lningsniv\u00e5erna uppges vara of\u00f6r\u00e4ndrade och inte utg\u00f6ra n\u00e5gon fara, enligt k\u00e4rnkraftverket sj\u00e4lva. Men FN:s atomenergiorgan IAEA har sedan Rysslands fullskaliga invasion 2022 upprepade g\u00e5nger varnat f\u00f6r riskerna med strider i n\u00e4rheten av k\u00e4rnanl\u00e4ggningar, skriver AFP.<\/p>\n<p>Ukraina har inte kommenterat h\u00e4ndelsen. Kiev har tidigare sagt att angrepp mot m\u00e5l inne i Ryssland \u00e4r ett svar p\u00e5 Moskvas krigf\u00f6ring med m\u00e5let att f\u00f6rst\u00f6ra infrastruktur som \u00e4r viktig f\u00f6r det ryska f\u00f6rsvaret.<\/p>\n<p>Anl\u00e4ggningen ligger ungef\u00e4r 40 kilometer v\u00e4ster om Kursk, n\u00e4ra den ukrainska gr\u00e4nsen.<\/p>\n<p><img alt=\"\"\/>Ljudklippet gick inte att spela upp<\/p>\n<p>F\u00f6rs\u00f6k igen senare<\/p>\n","protected":false},"excerpt":{"rendered":"En brand br\u00f6t ut vid ett k\u00e4rnkraftverk i ryska regionen Kursk natten mot s\u00f6ndag. Str\u00e5lningsniv\u00e5erna \u00e4r normala, enligt&hellip;\n","protected":false},"author":2,"featured_media":12298,"comment_status":"","ping_status":"","sticky":false,"template":"","format":"standard","meta":{"footnotes":""},"categories":[14],"tags":[50,22,23,26,27,17,21,24,25,1690,274,202,28,29,15,276,16,18,34,55,31,33,32,30,19,1619,60,49,20,51,52,53,54],"class_list":{"0":"post-12297","1":"post","2":"type-post","3":"status-publish","4":"format-standard","5":"has-post-thumbnail","7":"category-varlden","8":"tag-arme-forsvar","9":"tag-breaking-news","10":"tag-breakingnews","11":"tag-featured-news","12":"tag-featurednews","13":"tag-headlines","14":"tag-huvudnyheter","15":"tag-latest-news","16":"tag-latestnews","17":"tag-location-kursk","18":"tag-location-ryssland","19":"tag-location-ukraina","20":"tag-main-news","21":"tag-mainnews","22":"tag-news","23":"tag-newsstory-kriget-i-ukraina","24":"tag-nyheter","25":"tag-rubriker","26":"tag-se","27":"tag-sections-varlden","28":"tag-svenska","29":"tag-sverige","30":"tag-sweden","31":"tag-swedish","32":"tag-top-stories","33":"tag-topic-brand-explosion","34":"tag-topic-krig-konflikt","35":"tag-topic-militar","36":"tag-topstories","37":"tag-varlden","38":"tag-world","39":"tag-world-news","40":"tag-worldnews"},"share_on_mastodon":{"url":"","error":""},"_links":{"self":[{"href":"https:\/\/www.europesays.com\/se\/wp-json\/wp\/v2\/posts\/12297","targetHints":{"allow":["GET"]}}],"collection":[{"href":"https:\/\/www.europesays.com\/se\/wp-json\/wp\/v2\/posts"}],"about":[{"href":"https:\/\/www.europesays.com\/se\/wp-json\/wp\/v2\/types\/post"}],"author":[{"embeddable":true,"href":"https:\/\/www.europesays.com\/se\/wp-json\/wp\/v2\/users\/2"}],"replies":[{"embeddable":true,"href":"https:\/\/www.europesays.com\/se\/wp-json\/wp\/v2\/comments?post=12297"}],"version-history":[{"count":0,"href":"https:\/\/www.europesays.com\/se\/wp-json\/wp\/v2\/posts\/12297\/revisions"}],"wp:featuredmedia":[{"embeddable":true,"href":"https:\/\/www.europesays.com\/se\/wp-json\/wp\/v2\/media\/12298"}],"wp:attachment":[{"href":"https:\/\/www.europesays.com\/se\/wp-json\/wp\/v2\/media?parent=12297"}],"wp:term":[{"taxonomy":"category","embeddable":true,"href":"https:\/\/www.europesays.com\/se\/wp-json\/wp\/v2\/categories?post=12297"},{"taxonomy":"post_tag","embeddable":true,"href":"https:\/\/www.europesays.com\/se\/wp-json\/wp\/v2\/tags?post=12297"}],"curies":[{"name":"wp","href":"https:\/\/api.w.org\/{rel}","templated":true}]}}