{"id":122978,"date":"2026-01-01T22:46:19","date_gmt":"2026-01-01T22:46:19","guid":{"rendered":"https:\/\/www.europesays.com\/se\/122978\/"},"modified":"2026-01-01T22:46:19","modified_gmt":"2026-01-01T22:46:19","slug":"sverige-redo-att-ta-emot-brandskadade-svd","status":"publish","type":"post","link":"https:\/\/www.europesays.com\/se\/122978\/","title":{"rendered":"Sverige redo att ta emot brandskadade &#8211; SvD"},"content":{"rendered":"<ol>\n<li><a href=\"https:\/\/news.google.com\/rss\/articles\/CBMic0FVX3lxTE5yRi1WWGh5MXNVVkVkVVpzSDk4clgzaFo2aXpPQXNjSU5xRVlkTHlsaGVhMFpXT2MwRVd4cjhRR0o0M3VYdTI4YjRmX1ROSV9BdnZTcmZ2bDYtczdrTlN5SnR6dU1QcTFIbFNrUndLcWR3cE0?oc=5\" target=\"_blank\" rel=\"nofollow noopener\">Sverige redo att ta emot brandskadade<\/a>&nbsp;&nbsp;SvD<\/li>\n<li><a href=\"https:\/\/news.google.com\/rss\/articles\/CBMipwFBVV95cUxOamJYVGxlQU11LU5oOFZFaDhkcXdEWGlqSFhydHlwQk51NTZiVm56RVlxRGdwR1NBbnIwSmg0dGdnTnRVSFJWLVdpa2dSYl9QWDYyOVdBRmVoM1BtV3NHWE85alhacFNfc1ZUT2hUUi0zODVLTHliNExsVDRWWVZ5TWJtNkNWUFdjODItQ3JOclZWVmQ5Q2V6TUdKalFIdEd4a1lLenJhUQ?oc=5\" target=\"_blank\" rel=\"nofollow noopener\">\u201dEn av de v\u00e4rsta tragedierna som n\u00e5gonsin intr\u00e4ffat\u201d<\/a>&nbsp;&nbsp;Aftonbladet<\/li>\n<li><a href=\"https:\/\/news.google.com\/rss\/articles\/CBMiwwFBVV95cUxPTDhfVE45b29rdjMtSTRhYVplOHQ1MlU1REV3ZG81RmJuVXpvelhlU3dfRDM1NWpBbGxheUZfaTNpVXFOMHh2QUZhN1IzeEpqT0hubWF5Xzd0OE5iQUh1N2ZDTTJlVW0yVVVIWVFKRURtSUFzWFNtLTdhelNTczdneFQySklIQnVkd2tLcWFNd3F3cmt6UlNOeHB4U0hGSHdmVWdsMUxGZ3UySkFuMlBvYkIzNHEwV2V2UVZFNVVoV0xTT3c?oc=5\" target=\"_blank\" rel=\"nofollow noopener\">V\u00e5ldsam explosion och brand i bar i Schweiz \u2013 m\u00e5nga d\u00f6da<\/a>&nbsp;&nbsp;GP<\/li>\n<li><a href=\"https:\/\/news.google.com\/rss\/articles\/CBMioAFBVV95cUxNU2d2U0ZNaVR0ME0wMU5JcDBMamVVc0JORkIxOXM0bWNXczZOWC04VW9CRndQcWVNZzdTREVZX2Q1THdqNlR6NmNKTFhqeGpFTU52Qm1kQ2N6VHRaZFAxaXNka0NtT2VHQ2VTN2VwUENEczhkS1JRNC0xYWxQYld0YVZvUGNJakY4Y1NXTnBLSUtOQ0x4cUkwRkVSMFJUOVh2?oc=5\" target=\"_blank\" rel=\"nofollow noopener\">Svenske Richard var p\u00e5 baren timmar innan branden: \u201dFruktansv\u00e4rt\u201d<\/a>&nbsp;&nbsp;Sveriges Radio<\/li>\n<li><a href=\"https:\/\/news.google.com\/rss\/articles\/CBMikAFBVV95cUxPbTFKUXJoSElpOE5sdnlUdUtsQm1iYlVRSUZtLWlmSWw2cGhYd1Z1cHE4c0t4c21fRlZHVi1FX214T05xZW5SWEEtZUtXWkJLX2NDeW5tVkhSUjdxamM0OUtBTm9BLXBHYWd3ME1zZHZNeGZWM1JZbU5Zbkd0aFZMV2lyazVLYjlEeGFMSXBkdmQ?oc=5\" target=\"_blank\" rel=\"nofollow noopener\">Vittnen: Tomtebloss i flaskor startade branden i baren i exklusiva skidorten Crans-Montana<\/a>&nbsp;&nbsp;Expressen<\/li>\n<\/ol>\n","protected":false},"excerpt":{"rendered":"Sverige redo att ta emot brandskadade&nbsp;&nbsp;SvD \u201dEn av de v\u00e4rsta tragedierna som n\u00e5gonsin intr\u00e4ffat\u201d&nbsp;&nbsp;Aftonbladet V\u00e5ldsam explosion och brand&hellip;\n","protected":false},"author":2,"featured_media":122979,"comment_status":"","ping_status":"","sticky":false,"template":"","format":"standard","meta":{"footnotes":""},"categories":[5],"tags":[22,23,26,27,17,21,24,25,28,29,15,16,18,34,31,33,32,30,19,20],"class_list":{"0":"post-122978","1":"post","2":"type-post","3":"status-publish","4":"format-standard","5":"has-post-thumbnail","7":"category-rubriker","8":"tag-breaking-news","9":"tag-breakingnews","10":"tag-featured-news","11":"tag-featurednews","12":"tag-headlines","13":"tag-huvudnyheter","14":"tag-latest-news","15":"tag-latestnews","16":"tag-main-news","17":"tag-mainnews","18":"tag-news","19":"tag-nyheter","20":"tag-rubriker","21":"tag-se","22":"tag-svenska","23":"tag-sverige","24":"tag-sweden","25":"tag-swedish","26":"tag-top-stories","27":"tag-topstories"},"share_on_mastodon":{"url":"https:\/\/pubeurope.com\/@se\/115822276316480213","error":""},"_links":{"self":[{"href":"https:\/\/www.europesays.com\/se\/wp-json\/wp\/v2\/posts\/122978","targetHints":{"allow":["GET"]}}],"collection":[{"href":"https:\/\/www.europesays.com\/se\/wp-json\/wp\/v2\/posts"}],"about":[{"href":"https:\/\/www.europesays.com\/se\/wp-json\/wp\/v2\/types\/post"}],"author":[{"embeddable":true,"href":"https:\/\/www.europesays.com\/se\/wp-json\/wp\/v2\/users\/2"}],"replies":[{"embeddable":true,"href":"https:\/\/www.europesays.com\/se\/wp-json\/wp\/v2\/comments?post=122978"}],"version-history":[{"count":0,"href":"https:\/\/www.europesays.com\/se\/wp-json\/wp\/v2\/posts\/122978\/revisions"}],"wp:featuredmedia":[{"embeddable":true,"href":"https:\/\/www.europesays.com\/se\/wp-json\/wp\/v2\/media\/122979"}],"wp:attachment":[{"href":"https:\/\/www.europesays.com\/se\/wp-json\/wp\/v2\/media?parent=122978"}],"wp:term":[{"taxonomy":"category","embeddable":true,"href":"https:\/\/www.europesays.com\/se\/wp-json\/wp\/v2\/categories?post=122978"},{"taxonomy":"post_tag","embeddable":true,"href":"https:\/\/www.europesays.com\/se\/wp-json\/wp\/v2\/tags?post=122978"}],"curies":[{"name":"wp","href":"https:\/\/api.w.org\/{rel}","templated":true}]}}