{"id":122982,"date":"2026-01-01T22:54:28","date_gmt":"2026-01-01T22:54:28","guid":{"rendered":"https:\/\/www.europesays.com\/se\/122982\/"},"modified":"2026-01-01T22:54:28","modified_gmt":"2026-01-01T22:54:28","slug":"svensk-pojke-hittad-dod-i-helsingor","status":"publish","type":"post","link":"https:\/\/www.europesays.com\/se\/122982\/","title":{"rendered":"Svensk pojke hittad d\u00f6d i Helsing\u00f6r"},"content":{"rendered":"<p class=\"boxtextgrotesk-root_baa6 hyperion-css-7pajle\">Uppdaterad 20.16 | Publicerad 17.46<\/p>\n<p>share-arrowDela<\/p>\n<p>unsaveSpara<\/p>\n<p>expand-left<\/p>\n<p>helsk\u00e4rm<img decoding=\"async\" class=\"image-asset hyperion-css-u06ts1\" data-test-tag=\"image-asset\" src=\"https:\/\/www.europesays.com\/se\/wp-content\/uploads\/2026\/01\/1a994040-0bac-4388-9243-da2abd569b08.jpeg\"  alt=\"En stor s\u00f6kinsats p\u00e5gick i Helsingborgs hamn p\u00e5 torsdagen, sedan pojkens jacka hittades i vattnet p\u00e5 onsdagen.\"  loading=\"eager\" fetchpriority=\"high\" style=\"aspect-ratio:1900 \/ 1442\"\/>En stor s\u00f6kinsats p\u00e5gick i Helsingborgs hamn p\u00e5 torsdagen, sedan pojkens jacka hittades i vattnet p\u00e5 onsdagen. Foto: Johan Nilsson \/ TT<\/p>\n<p class=\"hyperion-css-1shl3oz\" data-test-tag=\"lead-text\">En svensk 16-\u00e5rig pojke som efters\u00f6kts i danska Helsing\u00f6r har hittats d\u00f6d i vattnet i stadens hamn, uppger dansk polis.<\/p>\n<p class=\"hyperion-css-1v9qo5x\">Pojken f\u00f6rsvann natten till onsdag sedan han varit ute p\u00e5 stan med v\u00e4nner. Dykare hittade honom avliden i vattnet p\u00e5 ny\u00e5rsdagen.<\/p>\n<p class=\"hyperion-css-1v9qo5x\">\u2013 Vi kan se p\u00e5 \u00f6vervakningskameror i hamnen att han f\u00f6ll i natten till den 31:a ungef\u00e4r kvart i ett, s\u00e4ger David Buch, vakthavande bef\u00e4l vid Nordsj\u00e4llandpolisen till Ritzau.<\/p>\n<p class=\"hyperion-css-1v9qo5x\">Det finns d\u00e4rmed inget som tyder p\u00e5 att ett brott ligger bakom d\u00f6dsfallet, enligt polisen.<\/p>\n<p class=\"hyperion-css-1v9qo5x\">Pojkens jacka hittades i vattnet p\u00e5 onsdagen, en stor s\u00f6kinsats har p\u00e5g\u00e5tt sedan dess.<\/p>\n","protected":false},"excerpt":{"rendered":"Uppdaterad 20.16 | Publicerad 17.46 share-arrowDela unsaveSpara expand-left helsk\u00e4rmEn stor s\u00f6kinsats p\u00e5gick i Helsingborgs hamn p\u00e5 torsdagen, sedan&hellip;\n","protected":false},"author":2,"featured_media":122983,"comment_status":"","ping_status":"","sticky":false,"template":"","format":"standard","meta":{"footnotes":""},"categories":[5],"tags":[22,23,26,27,17,21,24,25,28,29,15,16,18,34,31,33,32,30,19,20],"class_list":{"0":"post-122982","1":"post","2":"type-post","3":"status-publish","4":"format-standard","5":"has-post-thumbnail","7":"category-rubriker","8":"tag-breaking-news","9":"tag-breakingnews","10":"tag-featured-news","11":"tag-featurednews","12":"tag-headlines","13":"tag-huvudnyheter","14":"tag-latest-news","15":"tag-latestnews","16":"tag-main-news","17":"tag-mainnews","18":"tag-news","19":"tag-nyheter","20":"tag-rubriker","21":"tag-se","22":"tag-svenska","23":"tag-sverige","24":"tag-sweden","25":"tag-swedish","26":"tag-top-stories","27":"tag-topstories"},"share_on_mastodon":{"url":"https:\/\/pubeurope.com\/@se\/115822307755870026","error":""},"_links":{"self":[{"href":"https:\/\/www.europesays.com\/se\/wp-json\/wp\/v2\/posts\/122982","targetHints":{"allow":["GET"]}}],"collection":[{"href":"https:\/\/www.europesays.com\/se\/wp-json\/wp\/v2\/posts"}],"about":[{"href":"https:\/\/www.europesays.com\/se\/wp-json\/wp\/v2\/types\/post"}],"author":[{"embeddable":true,"href":"https:\/\/www.europesays.com\/se\/wp-json\/wp\/v2\/users\/2"}],"replies":[{"embeddable":true,"href":"https:\/\/www.europesays.com\/se\/wp-json\/wp\/v2\/comments?post=122982"}],"version-history":[{"count":0,"href":"https:\/\/www.europesays.com\/se\/wp-json\/wp\/v2\/posts\/122982\/revisions"}],"wp:featuredmedia":[{"embeddable":true,"href":"https:\/\/www.europesays.com\/se\/wp-json\/wp\/v2\/media\/122983"}],"wp:attachment":[{"href":"https:\/\/www.europesays.com\/se\/wp-json\/wp\/v2\/media?parent=122982"}],"wp:term":[{"taxonomy":"category","embeddable":true,"href":"https:\/\/www.europesays.com\/se\/wp-json\/wp\/v2\/categories?post=122982"},{"taxonomy":"post_tag","embeddable":true,"href":"https:\/\/www.europesays.com\/se\/wp-json\/wp\/v2\/tags?post=122982"}],"curies":[{"name":"wp","href":"https:\/\/api.w.org\/{rel}","templated":true}]}}