{"id":122994,"date":"2026-01-01T23:18:16","date_gmt":"2026-01-01T23:18:16","guid":{"rendered":"https:\/\/www.europesays.com\/se\/122994\/"},"modified":"2026-01-01T23:18:16","modified_gmt":"2026-01-01T23:18:16","slug":"nationalgardet-dras-tillbaka-fran-flera-stader","status":"publish","type":"post","link":"https:\/\/www.europesays.com\/se\/122994\/","title":{"rendered":"Nationalgardet dras tillbaka fr\u00e5n flera st\u00e4der"},"content":{"rendered":"<p>USA:s president Donald Trump drar tillbaka nationalgardet i Chicago, Los Angeles och Portland, uppger han p\u00e5 plattformen Truth Social.<\/p>\n<p>Beslutet kommer efter att H\u00f6gsta domstolen f\u00f6rra veckan slog fast att Trump saknade r\u00e4tt att placera ut nationalgardet i Chicago, rapporterar New York Times.<\/p>\n<p>\u201dVi kommer tillbaka, kanske i en helt annan och starkare form, n\u00e4r brottsligheten b\u00f6rjar \u00f6ka igen \u2013 det \u00e4r bara en tidsfr\u00e5ga\u201d, skriver Trump.<\/p>\n<p>Soldater har sedan tidigare dragits tillbaka fr\u00e5n Los Angeles, men finns fortsatt p\u00e5 plats i Chicago och Portland, enligt TT.<\/p>\n<p>Nationalgardet \u00e4r \u00e4ven fortsatt utplacerat i Washington D.C., New Orleans och Memphis, skriver New York Times.<\/p>\n<p>Omni \u00e4r politiskt obundna och oberoende. Vi str\u00e4var efter att ge fler perspektiv p\u00e5 nyheterna. Har du fr\u00e5gor eller synpunkter kring v\u00e5r rapportering? <a href=\"https:\/\/omni.se\/trump-drar-tillbaka-nationalgardet-fran-flera-stader\/a\/mailto:redaktion@omni.se\" class=\"ArticleActions_contactLink__W2F1M\" rel=\"nofollow noopener\" target=\"_blank\">Kontakta redaktionen<\/a><\/p>\n","protected":false},"excerpt":{"rendered":"USA:s president Donald Trump drar tillbaka nationalgardet i Chicago, Los Angeles och Portland, uppger han p\u00e5 plattformen Truth&hellip;\n","protected":false},"author":2,"featured_media":122995,"comment_status":"","ping_status":"","sticky":false,"template":"","format":"standard","meta":{"footnotes":""},"categories":[14],"tags":[22,23,385,26,27,17,21,24,25,28,29,15,268,16,18,34,31,33,32,30,19,20,386,74,12957,51,52,53,54],"class_list":{"0":"post-122994","1":"post","2":"type-post","3":"status-publish","4":"format-standard","5":"has-post-thumbnail","7":"category-varlden","8":"tag-breaking-news","9":"tag-breakingnews","10":"tag-donald-trump","11":"tag-featured-news","12":"tag-featurednews","13":"tag-headlines","14":"tag-huvudnyheter","15":"tag-latest-news","16":"tag-latestnews","17":"tag-main-news","18":"tag-mainnews","19":"tag-news","20":"tag-nordamerika","21":"tag-nyheter","22":"tag-rubriker","23":"tag-se","24":"tag-svenska","25":"tag-sverige","26":"tag-sweden","27":"tag-swedish","28":"tag-top-stories","29":"tag-topstories","30":"tag-trumps-usa","31":"tag-usa","32":"tag-usas-hogsta-domstol","33":"tag-varlden","34":"tag-world","35":"tag-world-news","36":"tag-worldnews"},"share_on_mastodon":{"url":"https:\/\/pubeurope.com\/@se\/115822402109763215","error":""},"_links":{"self":[{"href":"https:\/\/www.europesays.com\/se\/wp-json\/wp\/v2\/posts\/122994","targetHints":{"allow":["GET"]}}],"collection":[{"href":"https:\/\/www.europesays.com\/se\/wp-json\/wp\/v2\/posts"}],"about":[{"href":"https:\/\/www.europesays.com\/se\/wp-json\/wp\/v2\/types\/post"}],"author":[{"embeddable":true,"href":"https:\/\/www.europesays.com\/se\/wp-json\/wp\/v2\/users\/2"}],"replies":[{"embeddable":true,"href":"https:\/\/www.europesays.com\/se\/wp-json\/wp\/v2\/comments?post=122994"}],"version-history":[{"count":0,"href":"https:\/\/www.europesays.com\/se\/wp-json\/wp\/v2\/posts\/122994\/revisions"}],"wp:featuredmedia":[{"embeddable":true,"href":"https:\/\/www.europesays.com\/se\/wp-json\/wp\/v2\/media\/122995"}],"wp:attachment":[{"href":"https:\/\/www.europesays.com\/se\/wp-json\/wp\/v2\/media?parent=122994"}],"wp:term":[{"taxonomy":"category","embeddable":true,"href":"https:\/\/www.europesays.com\/se\/wp-json\/wp\/v2\/categories?post=122994"},{"taxonomy":"post_tag","embeddable":true,"href":"https:\/\/www.europesays.com\/se\/wp-json\/wp\/v2\/tags?post=122994"}],"curies":[{"name":"wp","href":"https:\/\/api.w.org\/{rel}","templated":true}]}}