{"id":122996,"date":"2026-01-01T23:22:11","date_gmt":"2026-01-01T23:22:11","guid":{"rendered":"https:\/\/www.europesays.com\/se\/122996\/"},"modified":"2026-01-01T23:22:11","modified_gmt":"2026-01-01T23:22:11","slug":"protesten-alla-missade-vagrar-beratta-varfor-langdskidor","status":"publish","type":"post","link":"https:\/\/www.europesays.com\/se\/122996\/","title":{"rendered":"Protesten alla missade\n\u2013 v\u00e4grar ber\u00e4tta varf\u00f6r | L\u00e4ngdskidor"},"content":{"rendered":"<p>Publicerad 1 jan 2026 kl 17.15Uppdaterad kl 17.41<\/p>\n<p>Kritiken mot Azerbajdzjans sponsring av Tour de ski v\u00e4xer.<\/p>\n<p>Under tredje etappen valde Armeniens Mikayel Mikayelyan att tejpa \u00f6ver landets namn p\u00e5 t\u00e4vlingsdr\u00e4kten.<\/p>\n<p>N\u00e5got han nu straffas f\u00f6r.<\/p>\n<p>\u2013 Varf\u00f6r jag gjorde s\u00e5 stannar mellan mig och juryn, s\u00e4ger han.<\/p>\n<p>Anderssons besvikelse: \u201dBara att b\u00f6rja r\u00e4kna\u201d<img   alt=\"\"\/><\/p>\n<p>Samtliga \u00e5kare hade Azerbajdzjan p\u00e5 sina t\u00e4vlingsv\u00e4star \u2013 h\u00e4r William Poromaa.<\/p>\n<p>Foto: MAXIM THORE \/ BILDBYR\u00c5N<\/p>\n<p>\u00d6ppna bild i helsk\u00e4rmArtikeln i korthet <\/p>\n<p> Sponsoravtalet med Azerbajdzjan har v\u00e4ckt stark kritik inom skidv\u00e4rlden.<\/p>\n<p> Armeniske \u00e5karen Mikayel Mikayelyan tejpade \u00f6ver landets namn och straffades med b\u00f6ter.<\/p>\n<p> Han v\u00e4grar ber\u00e4tta varf\u00f6r han protesterade, men hotar med bojkott vid upprepning.<\/p>\n<p> Flera ledare och \u00e5kare ifr\u00e5gas\u00e4tter Fis beslut och etiken kring sponsringen.<\/p>\n<p>Visa mer<\/p>\n<p>Det var i maj som den \u00f6verraskande nyheten skickades ut fr\u00e5n Internationella skidf\u00f6rbundet (Fis).<\/p>\n<p>Den svensk-brittiske Fis-presidenten Johan Eliasch meddelade i ett pressmeddelande att man skrivit ett fem\u00e5rigt sponsoravtal med Azerbajdzjans statliga turistbyr\u00e5.<\/p>\n<p>\u201dPartnerskapet med Azerbajdzjan tickar i alla boxar. Det \u00f6kar v\u00e4rdet av hela utbudet av v\u00e5ra discipliner f\u00f6r att fr\u00e4mja utvecklingen av sn\u00f6sporter p\u00e5 alla niv\u00e5er\u201d, <a href=\"https:\/\/www.expressen.se\/sport\/langdskidor\/tar-nu-avstand--fran-hela-landet\/\" rel=\"nofollow noopener\" target=\"_blank\">sa Johan Eliasch d\u00e5<\/a>.<\/p>\n<p>Men avtalet m\u00f6ttes direkt av svidande kritik. Inte minst f\u00f6r att avtalet skrivits p\u00e5 av Eliasch utan att n\u00e5gon information n\u00e5tt ut till medlemsl\u00e4nderna i Fis.<\/p>\n<p>Kritik fr\u00e5n Sverige<\/p>\n<p>\u2013 Det h\u00e4r \u00e4r n\u00e5gonting som vi inte st\u00e5r bakom och det \u00e4r m\u00e5nga medlemsl\u00e4nder i Fis som t\u00e4nker samma sak. Vi har inte fattat det h\u00e4r beslutet, <a href=\"https:\/\/www.expressen.se\/sport\/langdskidor\/tar-nu-avstand--fran-hela-landet\/\" rel=\"nofollow noopener\" target=\"_blank\">kommenterade<\/a> Svenska skidf\u00f6rbundets generalsekreterare Pernilla Bonde.<\/p>\n<p>I avtalet ing\u00e5r \u00e4ven att Azerbajdzjan blir en av huvudsponsorerna till VM i Falun 2027.<\/p>\n<p>En sv\u00e5rt korrumperad diktatur<\/p>\n<p>Det olje- och gasrika Azerbajdzjan ligger i syd\u00f6stra Kaukasus, med \u00f6stkust mot Kaspiska havet. Landet styrs som en diktatur av familjedynastin Aliyev, och samh\u00e4llet \u00e4r sv\u00e5rt korrumperat. Regimkritiker f\u00f6rf\u00f6ljs och d\u00f6ms ofta till l\u00e5nga f\u00e4ngelsestraff.<\/p>\n<p>K\u00e4lla: Utrikespolitiska institutet<\/p>\n<p>Visa mer<\/p>\n<p>I det nu p\u00e5g\u00e5ende <a href=\"https:\/\/www.expressen.se\/tagg\/organization\/tour-de-ski\/\" class=\"\" rel=\"nofollow noopener\" target=\"_blank\">Tour de ski<\/a> m\u00e4rks effekten av det nya sponsoravtalet. Runt om p\u00e5 skidstadion finns stora reklamskyltar med landets namn.<\/p>\n<p>Och i onsdagens heatmasstart togs n\u00e4sta steg.<\/p>\n<p>Samtliga \u00e5kare hade Azerbajdzjan p\u00e5 sina t\u00e4vlingsv\u00e4star.\u00a0<\/p>\n<p>Norskan Astri \u00d6yre Slind var inf\u00f6r loppet helt ovetande om det.\u00a0<\/p>\n<p>\u2013 Va? St\u00e5r det Azerbajdzjan p\u00e5 v\u00e4sten? Varf\u00f6r det?<\/p>\n<p><strong>F\u00f6r att de klivit in som sponsor f\u00f6r Fis.<\/strong><\/p>\n<p>\u2013 Okej. Det visste jag faktiskt inte, s\u00e4ger Astrid \u00d6yre Slind.<\/p>\n<p><strong>Hur k\u00e4nns det h\u00e4r?<\/strong><\/p>\n<p>\u2013 Det \u00e4r v\u00e4ldigt speciellt, det \u00e4r det. De har v\u00e4l n\u00e5gra slags etiska filter p\u00e5 Fis. Men&#8230; man b\u00f6rjar ju undra.<\/p>\n<p><img loading=\"lazy\"   alt=\"\"\/><\/p>\n<p>Armeniens Mikayel Mikayelyan varde att tejpa \u00f6ver Azerbajdzjans namn.<\/p>\n<p>Foto: MAXIM THORE \/ BILDBYR\u00c5N<\/p>\n<p>\u00d6ppna bild i helsk\u00e4rmProtesten mot Fis \u2013 tejpade \u00f6ver logga<\/p>\n<p>En \u00e5kare v\u00e4grade ha det s\u00e5. Armeniens Mikayel Mikayelyan tejpade \u00f6ver Azerbajdzjan p\u00e5 sin t\u00e4vlingsv\u00e4st.<\/p>\n<p>N\u00e5got som Doris Kallen, v\u00e4rldscupskoordinator p\u00e5 Fis, ber\u00e4ttar att juryn granskade.\u00a0<\/p>\n<p>\u2013 De valde att ge honom ett b\u00f6tesstraff. Det l\u00e4gsta man hade kunnat ge \u00e4r en tills\u00e4gelse, men juryn menade att detta skulle bestraffas h\u00e5rdare \u00e4n s\u00e5, s\u00e4ger hon.\u00a0<\/p>\n<p>Annons<\/p>\n<p>\u2013 Men mer \u00e4n s\u00e5 blir det inte. Det han gjorde \u00e4r inte till\u00e5tet, men det p\u00e5verkar inte sj\u00e4lva t\u00e4vlingen.<\/p>\n<p>Konflikten mellan Armenien och Azerbajdzjan<\/p>\n<p>Armenien och Azerbajdzjan har en l\u00e5ngvarig och bitter konflikt, fr\u00e4mst kring den etniskt armeniskbefolkade regionen Nagorno-Karabach, vilket lett till flera krig. Det senaste s\u00e5 sent som 2023.\u00a0<\/p>\n<p>Visa mer<\/p>\n<p>I b\u00f6rjan av ny\u00e5rsaftonskv\u00e4llen, ett par timmar efter avslutad t\u00e4vling, tr\u00e4ffar Expressen Mikayelyan p\u00e5 arenan i Toblach.\u00a0<\/p>\n<p>Han ser straffet han f\u00e5tt som rimligt.\u00a0<\/p>\n<p>\u2013 Det \u00e4r Fis och v\u00e4rldscupens regler att sponsorer m\u00e5ste vara synliga. I mitt fall var den inte det s\u00e5&#8230; tycker de att b\u00f6ter \u00e4r ett rimligt straff s\u00e5 har jag ingenting att s\u00e4ga om det, s\u00e4ger han.\u00a0<\/p>\n<p>D\u00e4remot vill han inte f\u00f6rklara varf\u00f6r han gjorde som han gjorde.\u00a0<\/p>\n<p>Mikayelyan skruvar l\u00e4tt p\u00e5 sig n\u00e4r han f\u00e5r fr\u00e5gan.\u00a0<\/p>\n<p>\u2013 Varf\u00f6r jag t\u00e4ckte loggan&#8230; jag har f\u00f6rklarat det f\u00f6r juryn och det som sades d\u00e4r stannar mellan oss. Jag kan inte s\u00e4ga mer \u00e4n s\u00e5.\u00a0<\/p>\n<p>P\u00e5 ny\u00e5rsdagen gjorde norska TV2 en intervju med Mikayelyan d\u00e4r han var mer \u00f6ppen.\u00a0<\/p>\n<p>\u2013 H\u00e4nder det h\u00e4r igen kommer jag att bojkotta t\u00e4vlingen, s\u00e4ger han.\u00a0<\/p>\n<p>Landslagschefen: \u201dVarf\u00f6r?\u201d<\/p>\n<p>Den svenske landslagschefen Anders Bystr\u00f6m \u00e4r \u00e4ven han skeptisk till Fis nya \u201dGlobal destination partner\u201d.<\/p>\n<p>\u2013 Det k\u00e4nns bara\u2026 varf\u00f6r? Det \u00e4r lite skumt, men det \u00e4r bara att v\u00e4nja sig, s\u00e4ger Bystr\u00f6m.<\/p>\n<p>Sedan forts\u00e4tter den svenske landslagschefen:<\/p>\n<p>\u2013 Vi fick bara information om att de pl\u00f6tsligt var en ny sponsor. Och dessutom huvudsponsor till Falun-VM n\u00e4sta \u00e5r.<\/p>\n<p><strong>Hur k\u00e4nns det?<\/strong><\/p>\n<p>\u2013 Konstigt. Jag vet att det finns h\u00f6gst tveksamma saker kring det landet. Men det \u00e4r inte mycket vi kan g\u00f6ra \u00e5t det h\u00e4r nu.<\/p>\n","protected":false},"excerpt":{"rendered":"Publicerad 1 jan 2026 kl 17.15Uppdaterad kl 17.41 Kritiken mot Azerbajdzjans sponsring av Tour de ski v\u00e4xer. Under&hellip;\n","protected":false},"author":2,"featured_media":122997,"comment_status":"","ping_status":"","sticky":false,"template":"","format":"standard","meta":{"footnotes":""},"categories":[68],"tags":[12204,34,857,111,110,31,33,32,30],"class_list":{"0":"post-122996","1":"post","2":"type-post","3":"status-publish","4":"format-standard","5":"has-post-thumbnail","7":"category-sport","8":"tag-organization-tour-de-ski","9":"tag-se","10":"tag-sections-langdskidor","11":"tag-sport","12":"tag-sports","13":"tag-svenska","14":"tag-sverige","15":"tag-sweden","16":"tag-swedish"},"share_on_mastodon":{"url":"https:\/\/pubeurope.com\/@se\/115822417814337232","error":""},"_links":{"self":[{"href":"https:\/\/www.europesays.com\/se\/wp-json\/wp\/v2\/posts\/122996","targetHints":{"allow":["GET"]}}],"collection":[{"href":"https:\/\/www.europesays.com\/se\/wp-json\/wp\/v2\/posts"}],"about":[{"href":"https:\/\/www.europesays.com\/se\/wp-json\/wp\/v2\/types\/post"}],"author":[{"embeddable":true,"href":"https:\/\/www.europesays.com\/se\/wp-json\/wp\/v2\/users\/2"}],"replies":[{"embeddable":true,"href":"https:\/\/www.europesays.com\/se\/wp-json\/wp\/v2\/comments?post=122996"}],"version-history":[{"count":0,"href":"https:\/\/www.europesays.com\/se\/wp-json\/wp\/v2\/posts\/122996\/revisions"}],"wp:featuredmedia":[{"embeddable":true,"href":"https:\/\/www.europesays.com\/se\/wp-json\/wp\/v2\/media\/122997"}],"wp:attachment":[{"href":"https:\/\/www.europesays.com\/se\/wp-json\/wp\/v2\/media?parent=122996"}],"wp:term":[{"taxonomy":"category","embeddable":true,"href":"https:\/\/www.europesays.com\/se\/wp-json\/wp\/v2\/categories?post=122996"},{"taxonomy":"post_tag","embeddable":true,"href":"https:\/\/www.europesays.com\/se\/wp-json\/wp\/v2\/tags?post=122996"}],"curies":[{"name":"wp","href":"https:\/\/api.w.org\/{rel}","templated":true}]}}