{"id":123004,"date":"2026-01-01T23:34:20","date_gmt":"2026-01-01T23:34:20","guid":{"rendered":"https:\/\/www.europesays.com\/se\/123004\/"},"modified":"2026-01-01T23:34:20","modified_gmt":"2026-01-01T23:34:20","slug":"shadow-moon-skrallvann-sylvesterloppet-pa-axevalla-sklt","status":"publish","type":"post","link":"https:\/\/www.europesays.com\/se\/123004\/","title":{"rendered":"Shadow Moon skr\u00e4llvann Sylvesterloppet p\u00e5 Axevalla \u2013 SkLT"},"content":{"rendered":"<p>Trav\u00e5ret 2025 med winterburst avslutades med en riktig skr\u00e4llfest under Ny\u00e5rsafton d\u00e4r det utslagsgivande l\u00e5nga upploppet p\u00e5 Axevalla s\u00e5g till att favoriterna f\u00f6ll som k\u00e4glor. I st\u00e4llet var det skr\u00e4llarna som duggade t\u00e4tt och \u00f6verraskningarna kom p\u00e5 l\u00f6pande band.<\/p>\n<p>Efter att nollprocentaren Spirit Of Love (tr\u00e4nad av Hel\u00e9n Blomberg) vunnit den sj\u00e4tte avdelningen efter en vass spurt f\u00f6r Kevin Oscarsson \u2013 fanns det bara ett system kvar p\u00e5 V85 som d\u00e5 var v\u00e4rt n\u00e4stan 93 miljoner kronor. <\/p>\n<p>D\u00e5 hade allts\u00e5 det systemet \u00e4ven klarat av megaskr\u00e4llen Jeu Set Et Match som enkelt spurtat till en sensationell seger i loppet innan f\u00f6r Magnus Jakobsson. H\u00e4sten tr\u00e4nas av Tommie Frid\u00e9n och var minst spelad i det loppet. Men det systemet sopades bort i loppet efter n\u00e4r Andr\u00e9 Eklundh styrde in sin egentr\u00e4nade PrincessoftheDawn till seger. Systemet som levde inf\u00f6r den avdelningen hade spik p\u00e5 tv\u00e5procentaren Leo The Lion.<\/p>\n<p><strong>I den avslutande<\/strong> avdelningen, som var Sylvesterloppet med 448 000 kronor i f\u00f6rstapris, vann \u00f6verraskningen Shadow Moon, tr\u00e4nad och k\u00f6rd av Markus Waldm\u00fcller. H\u00e4sten var spelad till fyra procent och h\u00f6ll knappt men s\u00e4kert undan f\u00f6re en annan skr\u00e4ll, Broker Artist, som liftat med i ryggen och utmanade till slut. Det blev en t\u00e4t slutstrid d\u00e4r Shadow Moon h\u00f6ll undan till seger. D\u00e4rmed fick J\u00e4gersro-tr\u00e4naren Markus Waldm\u00fcller avsluta sitt f\u00f6rsta tr\u00e4nar\u00e5r med karri\u00e4rens st\u00f6rsta seger.<\/p>\n<p>\u2013 Det k\u00e4nns v\u00e4ldigt bra och jag \u00e4r j\u00e4tteglad. Jag \u00e4r lite stolt framf\u00f6rallt. Jag ville h\u00e5lla tempot uppe f\u00f6r jag visste att det kommer speediga h\u00e4star bakifr\u00e5n och han beh\u00f6vde str\u00e4cka p\u00e5 sig. Det gjorde han och jag visste att jag har en riktig krigare framf\u00f6r mig. Har h\u00e4sten krafter kvar s\u00e5 svarar han och det var en riktigt fin prestation. Det h\u00e4r \u00e4r min st\u00f6rsta seger och ett grupp tv\u00e5-lopp h\u00e5ller jag v\u00e4ldigt h\u00f6gt, sa Markus Waldm\u00fcller.<\/p>\n<p><strong>Michael Carlsson, Kanal 75<\/strong><\/p>\n","protected":false},"excerpt":{"rendered":"Trav\u00e5ret 2025 med winterburst avslutades med en riktig skr\u00e4llfest under Ny\u00e5rsafton d\u00e4r det utslagsgivande l\u00e5nga upploppet p\u00e5 Axevalla&hellip;\n","protected":false},"author":2,"featured_media":123005,"comment_status":"","ping_status":"","sticky":false,"template":"","format":"standard","meta":{"footnotes":""},"categories":[14],"tags":[22,23,26,27,17,21,24,25,28,29,15,16,18,34,31,33,32,30,19,20,51,52,53,54],"class_list":{"0":"post-123004","1":"post","2":"type-post","3":"status-publish","4":"format-standard","5":"has-post-thumbnail","7":"category-varlden","8":"tag-breaking-news","9":"tag-breakingnews","10":"tag-featured-news","11":"tag-featurednews","12":"tag-headlines","13":"tag-huvudnyheter","14":"tag-latest-news","15":"tag-latestnews","16":"tag-main-news","17":"tag-mainnews","18":"tag-news","19":"tag-nyheter","20":"tag-rubriker","21":"tag-se","22":"tag-svenska","23":"tag-sverige","24":"tag-sweden","25":"tag-swedish","26":"tag-top-stories","27":"tag-topstories","28":"tag-varlden","29":"tag-world","30":"tag-world-news","31":"tag-worldnews"},"share_on_mastodon":{"url":"https:\/\/pubeurope.com\/@se\/115822465013148801","error":""},"_links":{"self":[{"href":"https:\/\/www.europesays.com\/se\/wp-json\/wp\/v2\/posts\/123004","targetHints":{"allow":["GET"]}}],"collection":[{"href":"https:\/\/www.europesays.com\/se\/wp-json\/wp\/v2\/posts"}],"about":[{"href":"https:\/\/www.europesays.com\/se\/wp-json\/wp\/v2\/types\/post"}],"author":[{"embeddable":true,"href":"https:\/\/www.europesays.com\/se\/wp-json\/wp\/v2\/users\/2"}],"replies":[{"embeddable":true,"href":"https:\/\/www.europesays.com\/se\/wp-json\/wp\/v2\/comments?post=123004"}],"version-history":[{"count":0,"href":"https:\/\/www.europesays.com\/se\/wp-json\/wp\/v2\/posts\/123004\/revisions"}],"wp:featuredmedia":[{"embeddable":true,"href":"https:\/\/www.europesays.com\/se\/wp-json\/wp\/v2\/media\/123005"}],"wp:attachment":[{"href":"https:\/\/www.europesays.com\/se\/wp-json\/wp\/v2\/media?parent=123004"}],"wp:term":[{"taxonomy":"category","embeddable":true,"href":"https:\/\/www.europesays.com\/se\/wp-json\/wp\/v2\/categories?post=123004"},{"taxonomy":"post_tag","embeddable":true,"href":"https:\/\/www.europesays.com\/se\/wp-json\/wp\/v2\/tags?post=123004"}],"curies":[{"name":"wp","href":"https:\/\/api.w.org\/{rel}","templated":true}]}}