{"id":123006,"date":"2026-01-01T23:36:08","date_gmt":"2026-01-01T23:36:08","guid":{"rendered":"https:\/\/www.europesays.com\/se\/123006\/"},"modified":"2026-01-01T23:36:08","modified_gmt":"2026-01-01T23:36:08","slug":"bolsonaro-lamnar-sjukhuset","status":"publish","type":"post","link":"https:\/\/www.europesays.com\/se\/123006\/","title":{"rendered":"Bolsonaro l\u00e4mnar sjukhuset"},"content":{"rendered":"<p>share-arrowDela<\/p>\n<p>unsaveSpara<\/p>\n<p>expand-left<\/p>\n<p>helsk\u00e4rm<img decoding=\"async\" class=\"image-asset hyperion-css-u06ts1\" data-test-tag=\"image-asset\" src=\"https:\/\/www.europesays.com\/se\/wp-content\/uploads\/2026\/01\/ec8689d0-55ff-4d46-908d-c687fa5463cc.jpeg\"  alt=\"Brasiliens expresident Jair Bolsonaro har f\u00e5tt l\u00e4mna sjukhuset. Bilden \u00e4r tagen n\u00e4r han satt i husarrest. Arkivbild.\"  loading=\"eager\" fetchpriority=\"high\" style=\"aspect-ratio:1900 \/ 1267\"\/>Brasiliens expresident Jair Bolsonaro har f\u00e5tt l\u00e4mna sjukhuset. Bilden \u00e4r tagen n\u00e4r han satt i husarrest. Arkivbild. Foto: Luis Nova\/AP\/TT<\/p>\n<p class=\"hyperion-css-1v9qo5x\">Brasiliens expresident Jair Bolsonaro har f\u00e5tt l\u00e4mna sjukhuset f\u00f6r att \u00e5terv\u00e4nda till f\u00e4ngelset. Han l\u00e4mnade sjukhuset p\u00e5 torsdagen, lokal tid, efter en veckas behandling.<\/p>\n<p class=\"hyperion-css-1v9qo5x\">70-\u00e5ringen har genomg\u00e5tt en ljumskbr\u00e5ckoperation p\u00e5 ett sjukhus i huvudstaden Bras\u00edlia. Han sl\u00e4pptes tillf\u00e4lligt fr\u00e5n f\u00e4ngelset efter att experter bed\u00f6mt att operationen var medicinskt n\u00f6dv\u00e4ndig.<\/p>\n<p class=\"hyperion-css-1v9qo5x\">Bolsonaro avtj\u00e4nar ett 27-\u00e5rigt f\u00e4ngelsestraff f\u00f6r kuppf\u00f6rs\u00f6k.<\/p>\n","protected":false},"excerpt":{"rendered":"share-arrowDela unsaveSpara expand-left helsk\u00e4rmBrasiliens expresident Jair Bolsonaro har f\u00e5tt l\u00e4mna sjukhuset. Bilden \u00e4r tagen n\u00e4r han satt i&hellip;\n","protected":false},"author":2,"featured_media":123007,"comment_status":"","ping_status":"","sticky":false,"template":"","format":"standard","meta":{"footnotes":""},"categories":[5],"tags":[22,23,26,27,17,21,24,25,28,29,15,16,18,34,31,33,32,30,19,20],"class_list":{"0":"post-123006","1":"post","2":"type-post","3":"status-publish","4":"format-standard","5":"has-post-thumbnail","7":"category-rubriker","8":"tag-breaking-news","9":"tag-breakingnews","10":"tag-featured-news","11":"tag-featurednews","12":"tag-headlines","13":"tag-huvudnyheter","14":"tag-latest-news","15":"tag-latestnews","16":"tag-main-news","17":"tag-mainnews","18":"tag-news","19":"tag-nyheter","20":"tag-rubriker","21":"tag-se","22":"tag-svenska","23":"tag-sverige","24":"tag-sweden","25":"tag-swedish","26":"tag-top-stories","27":"tag-topstories"},"share_on_mastodon":{"url":"https:\/\/pubeurope.com\/@se\/115822472889031707","error":""},"_links":{"self":[{"href":"https:\/\/www.europesays.com\/se\/wp-json\/wp\/v2\/posts\/123006","targetHints":{"allow":["GET"]}}],"collection":[{"href":"https:\/\/www.europesays.com\/se\/wp-json\/wp\/v2\/posts"}],"about":[{"href":"https:\/\/www.europesays.com\/se\/wp-json\/wp\/v2\/types\/post"}],"author":[{"embeddable":true,"href":"https:\/\/www.europesays.com\/se\/wp-json\/wp\/v2\/users\/2"}],"replies":[{"embeddable":true,"href":"https:\/\/www.europesays.com\/se\/wp-json\/wp\/v2\/comments?post=123006"}],"version-history":[{"count":0,"href":"https:\/\/www.europesays.com\/se\/wp-json\/wp\/v2\/posts\/123006\/revisions"}],"wp:featuredmedia":[{"embeddable":true,"href":"https:\/\/www.europesays.com\/se\/wp-json\/wp\/v2\/media\/123007"}],"wp:attachment":[{"href":"https:\/\/www.europesays.com\/se\/wp-json\/wp\/v2\/media?parent=123006"}],"wp:term":[{"taxonomy":"category","embeddable":true,"href":"https:\/\/www.europesays.com\/se\/wp-json\/wp\/v2\/categories?post=123006"},{"taxonomy":"post_tag","embeddable":true,"href":"https:\/\/www.europesays.com\/se\/wp-json\/wp\/v2\/tags?post=123006"}],"curies":[{"name":"wp","href":"https:\/\/api.w.org\/{rel}","templated":true}]}}