{"id":123008,"date":"2026-01-02T00:33:06","date_gmt":"2026-01-02T00:33:06","guid":{"rendered":"https:\/\/www.europesays.com\/se\/123008\/"},"modified":"2026-01-02T00:33:06","modified_gmt":"2026-01-02T00:33:06","slug":"snofall-i-vastervik-smhi-varnar-for-halka","status":"publish","type":"post","link":"https:\/\/www.europesays.com\/se\/123008\/","title":{"rendered":"Sn\u00f6fall i V\u00e4stervik SMHI varnar f\u00f6r halka"},"content":{"rendered":"<p>SMHI:s gula varning f\u00f6r pl\u00f6tslig ishalka kvarst\u00e5r. Man befarar att det kan bli regn p\u00e5 kalla v\u00e4gar med halka som f\u00f6ljd. P\u00e5 morgonen kunde man se att nederb\u00f6rden kommit som sn\u00f6.\u00a0Betyder det att risken ishalka \u00e4r \u00f6ver?\u2013 Nederb\u00f6rden kommer blandat som sn\u00f6 och regn. Det ser ut att komma mer nederb\u00f6rd under de kommande timmarna, och kylan finns kvar i v\u00e4gbanorna. Det finns<\/p>\n","protected":false},"excerpt":{"rendered":"SMHI:s gula varning f\u00f6r pl\u00f6tslig ishalka kvarst\u00e5r. Man befarar att det kan bli regn p\u00e5 kalla v\u00e4gar med&hellip;\n","protected":false},"author":2,"featured_media":123009,"comment_status":"","ping_status":"","sticky":false,"template":"","format":"standard","meta":{"footnotes":""},"categories":[12],"tags":[22,23,26,27,17,21,24,25,28,29,15,16,18,34,31,33,32,30,19,20],"class_list":{"0":"post-123008","1":"post","2":"type-post","3":"status-publish","4":"format-standard","5":"has-post-thumbnail","7":"category-sverige","8":"tag-breaking-news","9":"tag-breakingnews","10":"tag-featured-news","11":"tag-featurednews","12":"tag-headlines","13":"tag-huvudnyheter","14":"tag-latest-news","15":"tag-latestnews","16":"tag-main-news","17":"tag-mainnews","18":"tag-news","19":"tag-nyheter","20":"tag-rubriker","21":"tag-se","22":"tag-svenska","23":"tag-sverige","24":"tag-sweden","25":"tag-swedish","26":"tag-top-stories","27":"tag-topstories"},"share_on_mastodon":{"url":"https:\/\/pubeurope.com\/@se\/115822697083476297","error":""},"_links":{"self":[{"href":"https:\/\/www.europesays.com\/se\/wp-json\/wp\/v2\/posts\/123008","targetHints":{"allow":["GET"]}}],"collection":[{"href":"https:\/\/www.europesays.com\/se\/wp-json\/wp\/v2\/posts"}],"about":[{"href":"https:\/\/www.europesays.com\/se\/wp-json\/wp\/v2\/types\/post"}],"author":[{"embeddable":true,"href":"https:\/\/www.europesays.com\/se\/wp-json\/wp\/v2\/users\/2"}],"replies":[{"embeddable":true,"href":"https:\/\/www.europesays.com\/se\/wp-json\/wp\/v2\/comments?post=123008"}],"version-history":[{"count":0,"href":"https:\/\/www.europesays.com\/se\/wp-json\/wp\/v2\/posts\/123008\/revisions"}],"wp:featuredmedia":[{"embeddable":true,"href":"https:\/\/www.europesays.com\/se\/wp-json\/wp\/v2\/media\/123009"}],"wp:attachment":[{"href":"https:\/\/www.europesays.com\/se\/wp-json\/wp\/v2\/media?parent=123008"}],"wp:term":[{"taxonomy":"category","embeddable":true,"href":"https:\/\/www.europesays.com\/se\/wp-json\/wp\/v2\/categories?post=123008"},{"taxonomy":"post_tag","embeddable":true,"href":"https:\/\/www.europesays.com\/se\/wp-json\/wp\/v2\/tags?post=123008"}],"curies":[{"name":"wp","href":"https:\/\/api.w.org\/{rel}","templated":true}]}}