{"id":123012,"date":"2026-01-02T00:41:26","date_gmt":"2026-01-02T00:41:26","guid":{"rendered":"https:\/\/www.europesays.com\/se\/123012\/"},"modified":"2026-01-02T00:41:26","modified_gmt":"2026-01-02T00:41:26","slug":"kraftig-husbrand-utanfor-nykoping-flera-boende-evakuerade","status":"publish","type":"post","link":"https:\/\/www.europesays.com\/se\/123012\/","title":{"rendered":"Kraftig husbrand utanf\u00f6r Nyk\u00f6ping \u2013 flera boende evakuerade"},"content":{"rendered":"<p>Larmet kom vid tv\u00e5tiden och byggnaden, som rymmer flera l\u00e4genheter, uppgavs f\u00f6rst vara fullt \u00f6vert\u00e4nd.Minst sju r\u00e4ddningsenheter arbetade initialt med sl\u00e4ckningsarbetet. Vid 03.30 fanns ett tiotal enheter p\u00e5 plats och dubbla ledningar drogs fram. Vakthavande bef\u00e4l Henrik Dewoon Thor\u00e9n beskrev l\u00e4get som allvarligt:\u2013 Vi vet \u00e4nnu inte om vi klarar huset. Det \u00e4r en tr\u00e4k\u00e5k<\/p>\n","protected":false},"excerpt":{"rendered":"Larmet kom vid tv\u00e5tiden och byggnaden, som rymmer flera l\u00e4genheter, uppgavs f\u00f6rst vara fullt \u00f6vert\u00e4nd.Minst sju r\u00e4ddningsenheter arbetade&hellip;\n","protected":false},"author":2,"featured_media":123013,"comment_status":"","ping_status":"","sticky":false,"template":"","format":"standard","meta":{"footnotes":""},"categories":[12],"tags":[22,23,26,27,17,21,24,25,28,29,15,16,18,34,31,33,32,30,19,20],"class_list":{"0":"post-123012","1":"post","2":"type-post","3":"status-publish","4":"format-standard","5":"has-post-thumbnail","7":"category-sverige","8":"tag-breaking-news","9":"tag-breakingnews","10":"tag-featured-news","11":"tag-featurednews","12":"tag-headlines","13":"tag-huvudnyheter","14":"tag-latest-news","15":"tag-latestnews","16":"tag-main-news","17":"tag-mainnews","18":"tag-news","19":"tag-nyheter","20":"tag-rubriker","21":"tag-se","22":"tag-svenska","23":"tag-sverige","24":"tag-sweden","25":"tag-swedish","26":"tag-top-stories","27":"tag-topstories"},"share_on_mastodon":{"url":"https:\/\/pubeurope.com\/@se\/115822728693098882","error":""},"_links":{"self":[{"href":"https:\/\/www.europesays.com\/se\/wp-json\/wp\/v2\/posts\/123012","targetHints":{"allow":["GET"]}}],"collection":[{"href":"https:\/\/www.europesays.com\/se\/wp-json\/wp\/v2\/posts"}],"about":[{"href":"https:\/\/www.europesays.com\/se\/wp-json\/wp\/v2\/types\/post"}],"author":[{"embeddable":true,"href":"https:\/\/www.europesays.com\/se\/wp-json\/wp\/v2\/users\/2"}],"replies":[{"embeddable":true,"href":"https:\/\/www.europesays.com\/se\/wp-json\/wp\/v2\/comments?post=123012"}],"version-history":[{"count":0,"href":"https:\/\/www.europesays.com\/se\/wp-json\/wp\/v2\/posts\/123012\/revisions"}],"wp:featuredmedia":[{"embeddable":true,"href":"https:\/\/www.europesays.com\/se\/wp-json\/wp\/v2\/media\/123013"}],"wp:attachment":[{"href":"https:\/\/www.europesays.com\/se\/wp-json\/wp\/v2\/media?parent=123012"}],"wp:term":[{"taxonomy":"category","embeddable":true,"href":"https:\/\/www.europesays.com\/se\/wp-json\/wp\/v2\/categories?post=123012"},{"taxonomy":"post_tag","embeddable":true,"href":"https:\/\/www.europesays.com\/se\/wp-json\/wp\/v2\/tags?post=123012"}],"curies":[{"name":"wp","href":"https:\/\/api.w.org\/{rel}","templated":true}]}}