{"id":123016,"date":"2026-01-02T00:49:27","date_gmt":"2026-01-02T00:49:27","guid":{"rendered":"https:\/\/www.europesays.com\/se\/123016\/"},"modified":"2026-01-02T00:49:27","modified_gmt":"2026-01-02T00:49:27","slug":"fbk-supportern-lennox-ar-arets-forsta-varmlanning-foddes-00-00-nwt","status":"publish","type":"post","link":"https:\/\/www.europesays.com\/se\/123016\/","title":{"rendered":"FBK-supportern Lennox \u00e4r \u00e5rets f\u00f6rsta v\u00e4rml\u00e4nning \u2013 f\u00f6ddes 00.00 &#8211; NWT"},"content":{"rendered":"<ol>\n<li><a href=\"https:\/\/news.google.com\/rss\/articles\/CBMioAFBVV95cUxNQlJESXdwNDg4b3RUdmVfSXloY3VWWldrTm9ZeUctUWFYS3huNjRkQS1OeFRqQ0hJWjlVX2s4XzlVbzFTcFgwR21GVTMyQ0hvNldzWkluRkJQdEllTklZcUY1Nm9GdVpnV19QWE5JOHdMRzlkMWxXS1FweVQ2bWFaXzdIZ3ZtcTdnelhjUkhJN09RdXNhbjBkQTJIMTlfbndy?oc=5\" target=\"_blank\" rel=\"nofollow noopener\">FBK-supportern Lennox \u00e4r \u00e5rets f\u00f6rsta v\u00e4rml\u00e4nning \u2013 f\u00f6ddes 00.00<\/a>&nbsp;&nbsp;NWT<\/li>\n<li><a href=\"https:\/\/news.google.com\/rss\/articles\/CBMihwFBVV95cUxNX0hLU3VMYllUWHlLdXVqNHFIVV81a204QzltcU83VFZpVThKcmFXMFZ6M0g2WEVNdE9oV01YbjdaRnhGek4wNHVDS2RnMEZiMzJmZnl3cURGcXpjNE5HNzJHWGZkTTkwd2VTRFRmR2V2NkNGS1NqbTM2Mi11OFQyakNTMWwybWs?oc=5\" target=\"_blank\" rel=\"nofollow noopener\">34 sekunder in p\u00e5 2026 \u2013 d\u00e5 kom Lennox<\/a>&nbsp;&nbsp;Aftonbladet<\/li>\n<li><a href=\"https:\/\/news.google.com\/rss\/articles\/CBMiZ0FVX3lxTE9hd25yWUtOUHBOaEVIWmd0ejk3RjltRFBxamU3WDNDdkp0TDdjU2xFdHBZZTBhNFFsR1dXTWxzYW5FZnc0SldxMWhUN1M3bENNdEhQenE4WGhEVWliVTM4Vi1Xa0VXNzQ?oc=5\" target=\"_blank\" rel=\"nofollow noopener\">Charlie \u00e4r \u00e5rets f\u00f6rsta bebis<\/a>&nbsp;&nbsp;Nerikes Allehanda<\/li>\n<li><a href=\"https:\/\/news.google.com\/rss\/articles\/CBMickFVX3lxTE40cUlXRE5vU21PemxTS3hJTEF6R0lKaFE4VUlySlhPaVpLMW9qejBrbFd0RGVjeEVUQ0VsdXZ1RFM2NElTYkR0UVQyY2lwSTlyaGdNS0ZpR0FuYlZnLTNBWG1OMG9GSVNHa05LNW1mYWJsZw?oc=5\" target=\"_blank\" rel=\"nofollow noopener\">\u00c5rets f\u00f6rstf\u00f6dda en flicka i G\u00e4vle<\/a>&nbsp;&nbsp;Gefle Dagblad<\/li>\n<li><a href=\"https:\/\/news.google.com\/rss\/articles\/CBMiqwFBVV95cUxPQ2RTdXdVNlVRNk5zTWZodXlQaTR2aUtVWV9UYV9YQi1nUy13dUM3all6Mm40NGVSeEl1bEJYcklhOHlTTDQwRVZMZHd5TEtCVUNzVTJVcUlJZWM3M3F1Q3ZRYjBRR0Z0dXBBaE02VEdlUV9lYUdsdGJYbjcydUJCSkdHaHpxd2ZUNHR4aE5vR0pZenQyY0FtNWZYZGJFdjlBaTZfdnd4YVFTT0k?oc=5\" target=\"_blank\" rel=\"nofollow noopener\">Karlskogabebisen Charlie blev l\u00e4nets f\u00f6rstf\u00f6dda: \u201dK\u00e4nns overkligt\u201d<\/a>&nbsp;&nbsp;KT-Kuriren<\/li>\n<\/ol>\n","protected":false},"excerpt":{"rendered":"FBK-supportern Lennox \u00e4r \u00e5rets f\u00f6rsta v\u00e4rml\u00e4nning \u2013 f\u00f6ddes 00.00&nbsp;&nbsp;NWT 34 sekunder in p\u00e5 2026 \u2013 d\u00e5 kom Lennox&nbsp;&nbsp;Aftonbladet&hellip;\n","protected":false},"author":2,"featured_media":123017,"comment_status":"","ping_status":"","sticky":false,"template":"","format":"standard","meta":{"footnotes":""},"categories":[12],"tags":[22,23,26,27,17,21,24,25,28,29,15,16,18,34,31,33,32,30,19,20],"class_list":{"0":"post-123016","1":"post","2":"type-post","3":"status-publish","4":"format-standard","5":"has-post-thumbnail","7":"category-sverige","8":"tag-breaking-news","9":"tag-breakingnews","10":"tag-featured-news","11":"tag-featurednews","12":"tag-headlines","13":"tag-huvudnyheter","14":"tag-latest-news","15":"tag-latestnews","16":"tag-main-news","17":"tag-mainnews","18":"tag-news","19":"tag-nyheter","20":"tag-rubriker","21":"tag-se","22":"tag-svenska","23":"tag-sverige","24":"tag-sweden","25":"tag-swedish","26":"tag-top-stories","27":"tag-topstories"},"share_on_mastodon":{"url":"https:\/\/pubeurope.com\/@se\/115822760146421707","error":""},"_links":{"self":[{"href":"https:\/\/www.europesays.com\/se\/wp-json\/wp\/v2\/posts\/123016","targetHints":{"allow":["GET"]}}],"collection":[{"href":"https:\/\/www.europesays.com\/se\/wp-json\/wp\/v2\/posts"}],"about":[{"href":"https:\/\/www.europesays.com\/se\/wp-json\/wp\/v2\/types\/post"}],"author":[{"embeddable":true,"href":"https:\/\/www.europesays.com\/se\/wp-json\/wp\/v2\/users\/2"}],"replies":[{"embeddable":true,"href":"https:\/\/www.europesays.com\/se\/wp-json\/wp\/v2\/comments?post=123016"}],"version-history":[{"count":0,"href":"https:\/\/www.europesays.com\/se\/wp-json\/wp\/v2\/posts\/123016\/revisions"}],"wp:featuredmedia":[{"embeddable":true,"href":"https:\/\/www.europesays.com\/se\/wp-json\/wp\/v2\/media\/123017"}],"wp:attachment":[{"href":"https:\/\/www.europesays.com\/se\/wp-json\/wp\/v2\/media?parent=123016"}],"wp:term":[{"taxonomy":"category","embeddable":true,"href":"https:\/\/www.europesays.com\/se\/wp-json\/wp\/v2\/categories?post=123016"},{"taxonomy":"post_tag","embeddable":true,"href":"https:\/\/www.europesays.com\/se\/wp-json\/wp\/v2\/tags?post=123016"}],"curies":[{"name":"wp","href":"https:\/\/api.w.org\/{rel}","templated":true}]}}