{"id":123018,"date":"2026-01-02T00:50:24","date_gmt":"2026-01-02T00:50:24","guid":{"rendered":"https:\/\/www.europesays.com\/se\/123018\/"},"modified":"2026-01-02T00:50:24","modified_gmt":"2026-01-02T00:50:24","slug":"trumps-ord-om-sina-blamarkenvill-ha-tunt-blod","status":"publish","type":"post","link":"https:\/\/www.europesays.com\/se\/123018\/","title":{"rendered":"Trumps ord om sina bl\u00e5m\u00e4rken:\n\u201dVill ha tunt blod\u201d"},"content":{"rendered":"<p>Publicerad 1 jan 2026 kl 22.17Uppdaterad 2 jan kl 01.00<\/p>\n<p>Stora bl\u00e5m\u00e4rken p\u00e5 Donald Trumps h\u00e4nder har lett till nya fr\u00e5gor om hans h\u00e4lsa.<\/p>\n<p>Nu medger 79-\u00e5ringen att han f\u00f6rs\u00f6kt d\u00f6lja dem med smink och f\u00f6rklarar varf\u00f6r de uppst\u00e5r: Presidenten trotsar l\u00e4karnas r\u00e5d.<\/p>\n<p>\u2013 Jag vill ha fint, tunt blod som str\u00f6mmar genom hj\u00e4rtat, s\u00e4ger han till <a href=\"https:\/\/www.wsj.com\/us-news\/as-signs-of-aging-emerge-trump-responds-with-defiance-769c5dcd?mod=hp_lead_pos1\" rel=\"nofollow noopener\" target=\"_blank\">Wall Street Journal.<\/a><\/p>\n<p><img   alt=\"\"\/><\/p>\n<p>Donald Trump har haft ett stort bl\u00e5m\u00e4rke p\u00e5 h\u00f6ger hand l\u00e4nge.<\/p>\n<p>Foto: ALEX BRANDON \/ AP TT NYHETSBYR\u00c5N<\/p>\n<p>\u00d6ppna bild i helsk\u00e4rm<\/p>\n<p><a href=\"https:\/\/www.expressen.se\/tagg\/person\/donald-trump\/\" class=\"\" rel=\"nofollow noopener\" target=\"_blank\">Donald Trump<\/a> brukar s\u00e4ga att hans h\u00e4lsa \u00e4r utm\u00e4rkt. Bl\u00e5m\u00e4rkena p\u00e5 79-\u00e5ringens h\u00e4nder har dock gett upphov till b\u00e5de fr\u00e5gor och spekulationer.<\/p>\n<p>Artikeln i korthet<\/p>\n<p> Donald Trump s\u00e4ger nu att bl\u00e5m\u00e4rkena p\u00e5 hans h\u00e4nder uppst\u00e5r f\u00f6r att han tar en h\u00f6g dos aspirin, som \u00e4r blodf\u00f6rtunnande, varje dag.\u00a0<\/p>\n<p> Hans l\u00e4kare vill att han ska ta en l\u00e4gre dos, men det struntar presidenten i.\u00a0<\/p>\n<p> Han medger ocks\u00e5 att han har f\u00f6rs\u00f6kt d\u00f6lja bl\u00e5m\u00e4rkena med smink.\u00a0<\/p>\n<p>Visa mer<\/p>\n<p>I en intervju med <a href=\"https:\/\/www.wsj.com\/us-news\/as-signs-of-aging-emerge-trump-responds-with-defiance-769c5dcd?mod=hp_lead_pos1\" rel=\"nofollow noopener\" target=\"_blank\">Wall Street Journal<\/a> s\u00e4ger presidenten att bl\u00e5m\u00e4rkena uppst\u00e5r f\u00f6r att han tar en h\u00f6g dos aspirin varje dag, f\u00f6r att f\u00f6rebygga hj\u00e4rt-k\u00e4rlsjukdom.<\/p>\n<p>\u2013 De s\u00e4ger att aspirin \u00e4r bra f\u00f6r att tunna ut blodet, och jag vill inte ha tjockt blod som forsar genom hj\u00e4rtat. Jag vill ha fint, tunt blod som str\u00f6mmar genom hj\u00e4rtat. \u00c4r det rimligt?<\/p>\n<p><img loading=\"lazy\"   alt=\"\"\/><\/p>\n<p>Donald Trumps l\u00e4kare vill att han tar en l\u00e4gre dos aspirin, men han struntar i det.<\/p>\n<p>Foto: ALEX BRANDON \/ AP \/ TT NYHETSBYR\u00c5N<\/p>\n<p>\u00d6ppna bild i helsk\u00e4rmTrump erk\u00e4nner: Trotsar l\u00e4karna<\/p>\n<p>Donald Trumps l\u00e4kare, Sean Barbabella, s\u00e4ger till tidningen att 79-\u00e5ringen tar 325 milligram aspirin dagligen. En l\u00e4gre dos aspirin, mellan 75 och 100 milligram, kan enligt Mayokliniken \u201dbidra till att f\u00f6rebygga hj\u00e4rtinfarkt eller stroke\u201d.<\/p>\n<p>Presidenten \u00e4r \u00f6ppen med att han trotsar l\u00e4karnas r\u00e5d.<\/p>\n<p>\u2013 De skulle helst vilja att jag tar den mindre dosen. Jag tar den st\u00f6rre, och det har jag gjort i flera \u00e5r, och det den g\u00f6r \u00e4r att den orsakar bl\u00e5m\u00e4rken, s\u00e4ger Donald Trump.<\/p>\n<p>Aspirin, som fr\u00e4mst anv\u00e4nds f\u00f6r sm\u00e4rtlindring, \u00e4r ocks\u00e5 blodf\u00f6rtunnande. L\u00e4kemedlet kan d\u00e4rf\u00f6r f\u00f6rhindra att blodproppar bildas. 79-\u00e5ringen medger ocks\u00e5 att han f\u00f6rs\u00f6kt d\u00f6lja bl\u00e5m\u00e4rkena med smink och bandage.<\/p>\n<p>Donald Trumps l\u00e4kare s\u00e4ger till <a href=\"https:\/\/edition.cnn.com\/2026\/01\/01\/politics\/aspirin-trump-health-dose-bruises-hand\" rel=\"nofollow noopener\" target=\"_blank\">CNN<\/a> att presidentens h\u00e4lsa \u00e4r \u201dutm\u00e4rkt\u201d och att han \u00e4r \u201dfullt l\u00e4mpad att utf\u00f6ra sina uppgifter som \u00f6verbef\u00e4lhavare\u201d.<\/p>\n<p><img loading=\"lazy\"   alt=\"\"\/><\/p>\n<p>H\u00e4r \u00e4r bl\u00e5m\u00e4rket sminkats \u00f6ver.<\/p>\n<p>Foto: AA \/ STELLA PICTURES\/ABACA PRESS ABACA PRESS<\/p>\n<p>\u00d6ppna bild i helsk\u00e4rm<img loading=\"lazy\"   alt=\"\"\/><\/p>\n<p>H\u00e4r d\u00f6ljs bl\u00e5m\u00e4rket av ett pl\u00e5ster.<\/p>\n<p>Foto: JULIA DEMAREE NIKHINSON \/ AP TT NYHETSBYR\u00c5N<\/p>\n<p>\u00d6ppna bild i helsk\u00e4rmKardiologen: V\u00e4cker fr\u00e5gor<\/p>\n<p>Kardiologen Jonathan Reiner menar dock att uppgifterna fr\u00e5n Donald Trump och hans stab \u201dv\u00e4cker fler fr\u00e5gor \u00e4n de besvarar\u201d, och undrar om 79-\u00e5ringen tar n\u00e5gra l\u00e4kemedel som inte har redovisats av Vita huset. Han menar att det \u00e4r on\u00f6digt att ta 325 milligram aspirin varje dag. Detta eftersom bl\u00f6dningsrisken \u00f6kar, men inte skyddet mot hj\u00e4rt-k\u00e4rlsjukdom.<\/p>\n<p>I intervjun med Wall Street Journal s\u00e4ger presidenten att han inte \u00e4r intresserad av att b\u00f6rja motionera regelbundet.<\/p>\n<p>\u2013 Jag tycker helt enkelt inte om det. Det \u00e4r tr\u00e5kigt. Att g\u00e5 p\u00e5 ett l\u00f6pband eller springa p\u00e5 ett l\u00f6pband i timmar och \u00e5ter timmar, som vissa g\u00f6r, det \u00e4r inget f\u00f6r mig.<\/p>\n<p><strong>L\u00c4S MER: <\/strong><a href=\"https:\/\/www.expressen.se\/nyheter\/varlden\/svaret-om-trumps-mystiska-plaster-blamarke-efter-handskakning\/\" class=\"\" rel=\"nofollow noopener\" target=\"_blank\">Svaret om Trumps mystiska pl\u00e5ster: Bl\u00e5m\u00e4rke efter handskakning<\/a><strong>L\u00c4S MER: <\/strong><a href=\"https:\/\/www.expressen.se\/nyheter\/varlden\/donald-trump-dyker-upp-med-mystiskt-plaster\/\" class=\"\" rel=\"nofollow noopener\" target=\"_blank\">Donald Trump dyker upp med mystiskt pl\u00e5ster<\/a><strong>L\u00c4S MER: <\/strong><a href=\"https:\/\/www.expressen.se\/nyheter\/varlden\/trumps-hoga-alder-uppges-bli-tydligare-syns-mindre\/\" class=\"\" rel=\"nofollow noopener\" target=\"_blank\">Trumps h\u00f6ga \u00e5lder uppges bli tydligare \u2013 syns mindre<\/a><\/p>\n","protected":false},"excerpt":{"rendered":"Publicerad 1 jan 2026 kl 22.17Uppdaterad 2 jan kl 01.00 Stora bl\u00e5m\u00e4rken p\u00e5 Donald Trumps h\u00e4nder har lett&hellip;\n","protected":false},"author":2,"featured_media":123019,"comment_status":"","ping_status":"","sticky":false,"template":"","format":"standard","meta":{"footnotes":""},"categories":[5],"tags":[22,23,26,27,17,21,24,25,1340,28,29,15,16,962,12959,198,18,34,55,31,33,32,30,19,204,20],"class_list":{"0":"post-123018","1":"post","2":"type-post","3":"status-publish","4":"format-standard","5":"has-post-thumbnail","7":"category-rubriker","8":"tag-breaking-news","9":"tag-breakingnews","10":"tag-featured-news","11":"tag-featurednews","12":"tag-headlines","13":"tag-huvudnyheter","14":"tag-latest-news","15":"tag-latestnews","16":"tag-location-vita-huset","17":"tag-main-news","18":"tag-mainnews","19":"tag-news","20":"tag-nyheter","21":"tag-organization-cnn","22":"tag-organization-wall-street-journal","23":"tag-person-donald-trump","24":"tag-rubriker","25":"tag-se","26":"tag-sections-varlden","27":"tag-svenska","28":"tag-sverige","29":"tag-sweden","30":"tag-swedish","31":"tag-top-stories","32":"tag-topic-amerikansk-politik","33":"tag-topstories"},"share_on_mastodon":{"url":"https:\/\/pubeurope.com\/@se\/115822763878469638","error":""},"_links":{"self":[{"href":"https:\/\/www.europesays.com\/se\/wp-json\/wp\/v2\/posts\/123018","targetHints":{"allow":["GET"]}}],"collection":[{"href":"https:\/\/www.europesays.com\/se\/wp-json\/wp\/v2\/posts"}],"about":[{"href":"https:\/\/www.europesays.com\/se\/wp-json\/wp\/v2\/types\/post"}],"author":[{"embeddable":true,"href":"https:\/\/www.europesays.com\/se\/wp-json\/wp\/v2\/users\/2"}],"replies":[{"embeddable":true,"href":"https:\/\/www.europesays.com\/se\/wp-json\/wp\/v2\/comments?post=123018"}],"version-history":[{"count":0,"href":"https:\/\/www.europesays.com\/se\/wp-json\/wp\/v2\/posts\/123018\/revisions"}],"wp:featuredmedia":[{"embeddable":true,"href":"https:\/\/www.europesays.com\/se\/wp-json\/wp\/v2\/media\/123019"}],"wp:attachment":[{"href":"https:\/\/www.europesays.com\/se\/wp-json\/wp\/v2\/media?parent=123018"}],"wp:term":[{"taxonomy":"category","embeddable":true,"href":"https:\/\/www.europesays.com\/se\/wp-json\/wp\/v2\/categories?post=123018"},{"taxonomy":"post_tag","embeddable":true,"href":"https:\/\/www.europesays.com\/se\/wp-json\/wp\/v2\/tags?post=123018"}],"curies":[{"name":"wp","href":"https:\/\/api.w.org\/{rel}","templated":true}]}}