{"id":123026,"date":"2026-01-02T01:07:47","date_gmt":"2026-01-02T01:07:47","guid":{"rendered":"https:\/\/www.europesays.com\/se\/123026\/"},"modified":"2026-01-02T01:07:47","modified_gmt":"2026-01-02T01:07:47","slug":"trumps-mystiska-skada-blodde-efter-en-highfive","status":"publish","type":"post","link":"https:\/\/www.europesays.com\/se\/123026\/","title":{"rendered":"Trumps mystiska skada: Bl\u00f6dde efter en highfive"},"content":{"rendered":"<p><a data-test-tag=\"internal-link\" href=\"https:\/\/www.aftonbladet.se\/av\/johan-edgar\" class=\"hyperion-css-13ns1rr\" rel=\"nofollow noopener\" target=\"\" aria-label=\"Se alla artiklar av Johan Edgar\"><img decoding=\"async\" class=\"image-asset hyperion-css-n6kkq1\" data-test-tag=\"image-asset\" src=\"https:\/\/www.europesays.com\/se\/wp-content\/uploads\/2026\/01\/95268424-8e04-40ee-ba36-b98d6cc58976.png\"  alt=\"\"  loading=\"lazy\" fetchpriority=\"auto\" style=\"aspect-ratio:1900 \/ 1900\"\/><\/a><\/p>\n<p class=\"boxtextgrotesk-root_baa6 hyperion-css-7pajle\">Publicerad 2026-01-01 23.12<\/p>\n<p>share-arrowDela<\/p>\n<p>unsaveSpara<\/p>\n<p>expand-left<\/p>\n<p>helsk\u00e4rm<img decoding=\"async\" class=\"image-asset hyperion-css-u06ts1\" data-test-tag=\"image-asset\" src=\"https:\/\/www.europesays.com\/se\/wp-content\/uploads\/2026\/01\/5dfc58ec-6e3b-4c9e-8dc6-07309a98e57a.jpeg\"  alt=\"Trump sluter \u00f6gonen under ett m\u00f6te i Vita huset.\"  loading=\"eager\" fetchpriority=\"high\" style=\"aspect-ratio:1200 \/ 800\"\/>Trump sluter \u00f6gonen under ett m\u00f6te i Vita huset. Foto: AP<\/p>\n<p class=\"hyperion-css-1shl3oz\" data-test-tag=\"lead-text\">Han anv\u00e4nde kompressionsstrumpor f\u00f6r att minska svullnaden.<\/p>\n<p class=\"hyperion-css-1shl3oz\" data-test-tag=\"lead-text\">F\u00e5r bl\u00e5m\u00e4rken och bl\u00f6der av alla l\u00e4kemedel.<\/p>\n<p class=\"hyperion-css-1shl3oz\" data-test-tag=\"lead-text\">Och uppmanas av staben att h\u00e5lla \u00f6gonen \u00f6ppna under m\u00f6tena.<\/p>\n<p class=\"hyperion-css-1shl3oz\" data-test-tag=\"lead-text\">\u2013 Jag \u00e4r i perfekt skick, s\u00e4ger Donald Trump, 79, till Wall Street Journal.<\/p>\n<p class=\"hyperion-css-1v9qo5x\">M\u00f6jligen f\u00e5r presidenten skylla sig sj\u00e4lv.<\/p>\n<p class=\"hyperion-css-1v9qo5x\">Efter alla \u00e5r d\u00e5 han utm\u00e5lat Joe Biden som en f\u00f6rvirrad zombie som knappt vet vad han heter, \u00e4r det nu hans eget \u00e5ldrande som st\u00e5r i fokus.<\/p>\n<p class=\"hyperion-css-1v9qo5x\">Efter alla spekulationer om hemliga l\u00e4karbes\u00f6k, mystiska bl\u00e5m\u00e4rken och svullnader och videoklipp fr\u00e5n m\u00f6ten d\u00e4r han verkat vara i djup s\u00f6mn talar <a data-test-tag=\"internal-link\" href=\"https:\/\/www.aftonbladet.se\/tagg\/donald-trump\" class=\"hyperion-css-15jkft9\" rel=\"nofollow noopener\" target=\"\" aria-label=\"Donald Trump\">Donald Trump<\/a> ut om sin h\u00e4lsa <a aria-label=\"i en intervju med Wall Street Journal. \" class=\"default hyperion-css-15jkft9\" href=\"https:\/\/www.wsj.com\/us-news\/as-signs-of-aging-emerge-trump-responds-with-defiance-769c5dcd?mod=hp_lead_pos1\" rel=\"noopener nofollow noreferrer\" data-test-tag=\"external-link\" target=\"_blank\">i en intervju med Wall Street Journal. <\/a><\/p>\n<p>expand-left<\/p>\n<p>helsk\u00e4rm<img decoding=\"async\" class=\"image-asset hyperion-css-u06ts1\" data-test-tag=\"image-asset\" src=\"https:\/\/www.europesays.com\/se\/wp-content\/uploads\/2026\/01\/6ca069f6-0aec-4291-bd58-263aaa23b398.jpeg\"  alt=\"Trump har anv\u00e4nt b\u00e5de smink och pl\u00e5ster p\u00e5 sin hand.\"  loading=\"eager\" fetchpriority=\"high\" style=\"aspect-ratio:1364 \/ 914\"\/>Trump har anv\u00e4nt b\u00e5de smink och pl\u00e5ster p\u00e5 sin hand. Foto: APBer\u00e4ttar om mystiska bilderna<\/p>\n<p class=\"hyperion-css-1v9qo5x\">Han ber\u00e4ttar nu f\u00f6r f\u00f6rsta g\u00e5ngen om sina \u00f6versminkade bl\u00e5m\u00e4rken p\u00e5 h\u00e4nderna.<\/p>\n<p class=\"hyperion-css-1v9qo5x\">N\u00e4r bilder p\u00e5 detta f\u00f6rst spreds h\u00e4vdade Vita huset att det berodde p\u00e5 att Trump skakade s\u00e5 m\u00e5nga m\u00e4nniskors h\u00e4nder hela tiden.<\/p>\n<p class=\"hyperion-css-1v9qo5x\">Trump s\u00e4ger att det snarare beror p\u00e5 att han dagligen tar en h\u00f6g f\u00f6rebyggande dos av acetylsalicylsyra f\u00f6r att tunna ut blodet och undvika hj\u00e4rt- och k\u00e4rlsjukdomar.<\/p>\n<p class=\"hyperion-css-1v9qo5x\">Och har gjort s\u00e5 i 25 \u00e5r.<\/p>\n<p class=\"hyperion-css-1v9qo5x\">\u2013 Jag vill ha fint, tunt blod som pumpar runt i hj\u00e4rtat. L\u00e5ter det rimligt? s\u00e4ger Trump till WSJ.<\/p>\n<p class=\"hyperion-css-1v9qo5x\">L\u00e4karna har f\u00f6rs\u00f6kt f\u00e5 honom att minska dosen, som enligt WSJ \u00e4r betydligt h\u00f6gre \u00e4n den vanliga i f\u00f6rebyggande syfte.<\/p>\n<p>expand-left<\/p>\n<p>helsk\u00e4rm<img decoding=\"async\" class=\"image-asset hyperion-css-u06ts1\" data-test-tag=\"image-asset\" src=\"https:\/\/www.europesays.com\/se\/wp-content\/uploads\/2026\/01\/3bc62eab-c35d-4d70-83ee-01a73c4eb808.jpeg\"  alt=\"Trump anv\u00e4nde under en period kompressionsstrumpor.\"  loading=\"eager\" fetchpriority=\"high\" style=\"aspect-ratio:1900 \/ 1267\"\/>Trump anv\u00e4nde under en period kompressionsstrumpor. Foto: Alex Brandon \/ APB\u00f6rjade bl\u00f6da av en highfive<\/p>\n<p class=\"hyperion-css-1v9qo5x\">\u2013 De skulle hellre vilja att jag tog mindre. Jag tar mer och har gjort i \u00e5ratal och det \u00e4r det som orsakar bl\u00e5m\u00e4rkena, s\u00e4ger Trump.<\/p>\n<p class=\"hyperion-css-1v9qo5x\">Presidentens hud \u00e4r s\u00e5 k\u00e4nslig att han b\u00f6rjade bl\u00f6da efter en highfive med justitieminister Pam Bondi d\u00e5 hennes ring skrapade upp hans hand.<\/p>\n<p class=\"hyperion-css-1v9qo5x\">H\u00e4ndelsen skapade stor oro i staben, skriver tidningen.<\/p>\n<p class=\"hyperion-css-1v9qo5x\">Enligt personer n\u00e4ra Trumps var det bara en av m\u00e5nga g\u00e5nger som han b\u00f6rjat bl\u00f6da i handen.  <\/p>\n<p class=\"hyperion-css-1v9qo5x\">Presidenten s\u00e4ger att han anv\u00e4nder smink n\u00e4r han blivit \u201dslagen av n\u00e5gon\u201d.<\/p>\n<p class=\"hyperion-css-1v9qo5x\">\u2013 Jag har smink som, du vet, \u00e4r enkel att applicera. Det tar ungef\u00e4r tio sekunder, s\u00e4ger han till WSJ.<\/p>\n<p>expand-left<\/p>\n<p>helsk\u00e4rm<img decoding=\"async\" class=\"image-asset hyperion-css-u06ts1\" data-test-tag=\"image-asset\" src=\"https:\/\/www.europesays.com\/se\/wp-content\/uploads\/2026\/01\/f3b76e64-3499-4def-b8c3-e8319f2f29b0.jpeg\"  alt=\"Trump s\u00e4ger att aspirin g\u00f6r att han l\u00e4tt f\u00e5r bl\u00e5m\u00e4rken.\"  loading=\"eager\" fetchpriority=\"high\" style=\"aspect-ratio:1200 \/ 800\"\/>Trump s\u00e4ger att aspirin g\u00f6r att han l\u00e4tt f\u00e5r bl\u00e5m\u00e4rken. Foto: APTestade kompressionsstrumpor<\/p>\n<p class=\"hyperion-css-1v9qo5x\">I somras var Donald Trump p\u00e5 l\u00e4karunders\u00f6kning med anledning av en \u201dmild svullnad i smalbenen\u201d.<\/p>\n<p class=\"hyperion-css-1v9qo5x\">Unders\u00f6kningen visade att han har kronisk ven\u00f6s insufficiens, ett tillst\u00e5nd d\u00e4r venerna, oftast i benen, inte klarar av att transportera blodet tillbaka till hj\u00e4rtat p\u00e5 ett effektivt s\u00e4tt.<\/p>\n<p class=\"hyperion-css-1v9qo5x\">Tillst\u00e5ndet \u00e4r vanligt bland m\u00e4nniskor \u00f6ver 75 \u00e5r.<\/p>\n<p class=\"hyperion-css-1v9qo5x\">Trump anv\u00e4nde kompressionsstrumpor f\u00f6r att mildra besv\u00e4ren, men inte l\u00e4nge.<\/p>\n<p class=\"hyperion-css-1v9qo5x\">\u2013 Jag tyckte inte om dem, s\u00e4ger han.<\/p>\n<p class=\"hyperion-css-1v9qo5x\">Svullnaden har dock f\u00f6rb\u00e4ttrats, enligt Trump och hans medarbetare, av att han b\u00f6rjat med att resa sig fr\u00e5n skrivbordet ibland och vandra runt lite.<\/p>\n<p class=\"hyperion-css-1v9qo5x\">N\u00e5gon annan form av tr\u00e4ning \u00e4n golf \u00e4r han dock inte intresserad av.<\/p>\n<p>expand-left<\/p>\n<p>helsk\u00e4rm<img decoding=\"async\" class=\"image-asset hyperion-css-u06ts1\" data-test-tag=\"image-asset\" src=\"https:\/\/www.europesays.com\/se\/wp-content\/uploads\/2026\/01\/6a7989e9-d11d-4161-8e09-9e01e9d46dea.jpeg\"  alt=\"Trump s\u00e4ger att han inte gillar att tr\u00e4na. Men spelar golf.\"  loading=\"eager\" fetchpriority=\"high\" style=\"aspect-ratio:1280 \/ 853\"\/>Trump s\u00e4ger att han inte gillar att tr\u00e4na. Men spelar golf. Foto: APAvslappnad av att blunda<\/p>\n<p class=\"hyperion-css-1v9qo5x\">\u2013 Jag gillar det inte. Det \u00e4r tr\u00e5kigt, s\u00e4ger han.<\/p>\n<p class=\"hyperion-css-1v9qo5x\">Donald Trump s\u00e4ger ocks\u00e5 i intervjun att han \u201daldrig varit n\u00e5gon som sover mycket\u201d. Han kan ofta ringa eller skriva till medarbetare efter klockan 02 p\u00e5 natten. <\/p>\n<p class=\"hyperion-css-1v9qo5x\">P\u00e5 Air Force One under resor brukar folk i staben f\u00e5 turas om med att h\u00e5lla Trump s\u00e4llskap och sover i skift samtidigt som presidenten h\u00e5ller l\u00e5da med den som just d\u00e5 sitter bredvid.<\/p>\n<p class=\"hyperion-css-1v9qo5x\">Trump s\u00e4ger till WSJ att han inte alls sovit p\u00e5 de videoklipp som spridits fr\u00e5n diverse m\u00f6ten d\u00e4r han f\u00e5ngats med att blunda under l\u00e4ngre stunder n\u00e4r andra talat.<\/p>\n<p class=\"hyperion-css-1v9qo5x\">\u2013 Jag bara st\u00e4nger \u00f6gonen. Det \u00e4r v\u00e4ldigt avslappnade f\u00f6r mig, s\u00e4ger presidenten om spekulationerna om att han somnar under m\u00f6ten.<\/p>\n<p>expand-left<\/p>\n<p>helsk\u00e4rm<img decoding=\"async\" class=\"image-asset hyperion-css-u06ts1\" data-test-tag=\"image-asset\" src=\"https:\/\/www.europesays.com\/se\/wp-content\/uploads\/2026\/01\/074ecc40-19b7-41e1-89d8-4c721dd160f6.jpeg\"  alt=\"Trumps stabschef Susie Wiles uppges f\u00f6rs\u00f6ka h\u00e5lla Trumps m\u00f6ten kortare.\"  loading=\"eager\" fetchpriority=\"high\" style=\"aspect-ratio:1900 \/ 1271\"\/>Trumps stabschef Susie Wiles uppges f\u00f6rs\u00f6ka h\u00e5lla Trumps m\u00f6ten kortare. Foto: Evan Vucci \/ APTre burgare och pommes<\/p>\n<p class=\"hyperion-css-1v9qo5x\">Det har g\u00e5tt s\u00e5 l\u00e5ngt att medarbetarna uppmanat honom att alltid h\u00e5lla \u00f6gonen \u00f6ppna i offentligheten s\u00e5 att folk inte ska f\u00e5 fel uppfattning, enligt en k\u00e4lla till WSJ.<\/p>\n<p class=\"hyperion-css-1v9qo5x\">Trumps stabschef Susie Wiles har uppmanat hans ministrar att h\u00e5lla sina anf\u00f6randen korta under regeringssammantr\u00e4den.<\/p>\n<p class=\"hyperion-css-1v9qo5x\">Det har ocks\u00e5 skrivits mycket om presidentens matvanor. <\/p>\n<p class=\"hyperion-css-1v9qo5x\">Topprepublikanen Joe Gruters sa i en intervju i h\u00f6stas att han \u201dblev chockad\u201d av att se Donald Trump \u00e4ta n\u00e4r de fl\u00f6g tillsammans till ett kampanjm\u00f6te. <\/p>\n<p class=\"hyperion-css-1v9qo5x\">Han \u00e5t d\u00e5 tre hamburgare \u2013 en Big Mac, en Quarter Pounder och en fiskburgare \u2013 och pommes.<\/p>\n<p class=\"hyperion-css-1v9qo5x\">Trots brist p\u00e5 motion, tveksamma matvanor och lite s\u00f6mn s\u00e4ger sig Trump vara full av energi \u2013 n\u00e5got han tackar sina f\u00f6r\u00e4ldrar f\u00f6r.<\/p>\n<p class=\"hyperion-css-1v9qo5x\">\u2013 Gener \u00e4r v\u00e4ldigt viktiga. Och jag har v\u00e4ldigt bra gener, s\u00e4ger han till WSJ.<\/p>\n","protected":false},"excerpt":{"rendered":"Publicerad 2026-01-01 23.12 share-arrowDela unsaveSpara expand-left helsk\u00e4rmTrump sluter \u00f6gonen under ett m\u00f6te i Vita huset. Foto: AP Han&hellip;\n","protected":false},"author":2,"featured_media":123027,"comment_status":"","ping_status":"","sticky":false,"template":"","format":"standard","meta":{"footnotes":""},"categories":[5],"tags":[22,23,26,27,17,21,24,25,28,29,15,16,18,34,31,33,32,30,19,20],"class_list":{"0":"post-123026","1":"post","2":"type-post","3":"status-publish","4":"format-standard","5":"has-post-thumbnail","7":"category-rubriker","8":"tag-breaking-news","9":"tag-breakingnews","10":"tag-featured-news","11":"tag-featurednews","12":"tag-headlines","13":"tag-huvudnyheter","14":"tag-latest-news","15":"tag-latestnews","16":"tag-main-news","17":"tag-mainnews","18":"tag-news","19":"tag-nyheter","20":"tag-rubriker","21":"tag-se","22":"tag-svenska","23":"tag-sverige","24":"tag-sweden","25":"tag-swedish","26":"tag-top-stories","27":"tag-topstories"},"share_on_mastodon":{"url":"https:\/\/pubeurope.com\/@se\/115822834729346098","error":""},"_links":{"self":[{"href":"https:\/\/www.europesays.com\/se\/wp-json\/wp\/v2\/posts\/123026","targetHints":{"allow":["GET"]}}],"collection":[{"href":"https:\/\/www.europesays.com\/se\/wp-json\/wp\/v2\/posts"}],"about":[{"href":"https:\/\/www.europesays.com\/se\/wp-json\/wp\/v2\/types\/post"}],"author":[{"embeddable":true,"href":"https:\/\/www.europesays.com\/se\/wp-json\/wp\/v2\/users\/2"}],"replies":[{"embeddable":true,"href":"https:\/\/www.europesays.com\/se\/wp-json\/wp\/v2\/comments?post=123026"}],"version-history":[{"count":0,"href":"https:\/\/www.europesays.com\/se\/wp-json\/wp\/v2\/posts\/123026\/revisions"}],"wp:featuredmedia":[{"embeddable":true,"href":"https:\/\/www.europesays.com\/se\/wp-json\/wp\/v2\/media\/123027"}],"wp:attachment":[{"href":"https:\/\/www.europesays.com\/se\/wp-json\/wp\/v2\/media?parent=123026"}],"wp:term":[{"taxonomy":"category","embeddable":true,"href":"https:\/\/www.europesays.com\/se\/wp-json\/wp\/v2\/categories?post=123026"},{"taxonomy":"post_tag","embeddable":true,"href":"https:\/\/www.europesays.com\/se\/wp-json\/wp\/v2\/tags?post=123026"}],"curies":[{"name":"wp","href":"https:\/\/api.w.org\/{rel}","templated":true}]}}