{"id":123030,"date":"2026-01-02T01:22:55","date_gmt":"2026-01-02T01:22:55","guid":{"rendered":"https:\/\/www.europesays.com\/se\/123030\/"},"modified":"2026-01-02T01:22:55","modified_gmt":"2026-01-02T01:22:55","slug":"fyrverkeri-startade-brand-i-kok-man-svart-skadad","status":"publish","type":"post","link":"https:\/\/www.europesays.com\/se\/123030\/","title":{"rendered":"Fyrverkeri startade brand i k\u00f6k \u2013 man sv\u00e5rt skadad"},"content":{"rendered":"<p><a data-test-tag=\"internal-link\" href=\"https:\/\/www.aftonbladet.se\/av\/nora-fernstedt\" class=\"hyperion-css-13ns1rr\" rel=\"nofollow noopener\" target=\"\" aria-label=\"Se alla artiklar av Nora Fernstedt\"><img decoding=\"async\" class=\"image-asset hyperion-css-n6kkq1\" data-test-tag=\"image-asset\" src=\"https:\/\/www.europesays.com\/se\/wp-content\/uploads\/2026\/01\/4898f780-21e5-4fc9-aaf6-8b2690fbf32e.png\"  alt=\"\"  loading=\"lazy\" fetchpriority=\"auto\" style=\"aspect-ratio:1900 \/ 1900\"\/><\/a><\/p>\n<p class=\"boxtextgrotesk-root_baa6 hyperion-css-7pajle\">Publicerad 2025-12-31 19.19<\/p>\n<p>share-arrowDela<\/p>\n<p>unsaveSpara<\/p>\n<p>expand-left<\/p>\n<p>helsk\u00e4rm<img decoding=\"async\" class=\"image-asset hyperion-css-u06ts1\" data-test-tag=\"image-asset\" src=\"https:\/\/www.europesays.com\/se\/wp-content\/uploads\/2026\/01\/6f4d9c63-5f28-4f86-9108-f5ebd5734d32.jpeg\"  alt=\"En person har skadats i olyckan.\"  loading=\"eager\" fetchpriority=\"high\" style=\"aspect-ratio:674 \/ 451\"\/>En person har skadats i olyckan. Foto: Bl\u00e5ljus H\u00f6rby<\/p>\n<p class=\"hyperion-css-1shl3oz\" data-test-tag=\"lead-text\">En fyrverkeripj\u00e4s har sm\u00e4llt av i ett k\u00f6k i H\u00f6rby.<\/p>\n<p class=\"hyperion-css-1shl3oz\" data-test-tag=\"lead-text\">Vid olyckan skadades en man i 30-\u00e5rs\u00e5ldern allvarligt.<\/p>\n<p class=\"hyperion-css-1shl3oz\" data-test-tag=\"lead-text\">Han v\u00e5rdas nu p\u00e5 sjukhus.<\/p>\n<p class=\"hyperion-css-1v9qo5x\">Polisen larmades strax efter klockan 18 till en bostad i <a data-test-tag=\"internal-link\" href=\"https:\/\/www.aftonbladet.se\/lokala-nyheter\/horby\" class=\"hyperion-css-15jkft9\" rel=\"nofollow noopener\" target=\"\" aria-label=\"H\u00f6rby\">H\u00f6rby<\/a> i <a data-test-tag=\"internal-link\" href=\"https:\/\/www.aftonbladet.se\/tagg\/skane\" class=\"hyperion-css-15jkft9\" rel=\"nofollow noopener\" target=\"\" aria-label=\"Sk\u00e5ne\">Sk\u00e5ne<\/a>.<\/p>\n<p class=\"hyperion-css-1v9qo5x\">En man hade \u201dlaborerat med fyrverkeripj\u00e4ser i sitt k\u00f6k\u201d, enligt polisen.<\/p>\n<p class=\"hyperion-css-1v9qo5x\">\u2013 Det \u00e4r n\u00e5gon som har br\u00e4nt av en fyrverkeripj\u00e4s i ett k\u00f6k och startat en mindre brand, s\u00e4ger polisens presstalesperson Leif Fransson.<\/p>\n<p class=\"hyperion-css-1v9qo5x\">R\u00e4ddningstj\u00e4nsten larmades dit och kunde snabbt sl\u00e4cka branden.<\/p>\n<p class=\"hyperion-css-1v9qo5x\">\u201dMannen har skador p\u00e5 fingrar och h\u00e4nder och har f\u00f6rts iv\u00e4g med ambulans\u201d, skriver polisen p\u00e5 sin hemsida.<\/p>\n<p class=\"hyperion-css-1v9qo5x\">Region Sk\u00e5ne uppger att en man i 30-\u00e5rs\u00e5ldern v\u00e5rdas f\u00f6r allvarliga skador. <\/p>\n","protected":false},"excerpt":{"rendered":"Publicerad 2025-12-31 19.19 share-arrowDela unsaveSpara expand-left helsk\u00e4rmEn person har skadats i olyckan. Foto: Bl\u00e5ljus H\u00f6rby En fyrverkeripj\u00e4s har&hellip;\n","protected":false},"author":2,"featured_media":123031,"comment_status":"","ping_status":"","sticky":false,"template":"","format":"standard","meta":{"footnotes":""},"categories":[12],"tags":[22,23,26,27,17,21,24,25,28,29,15,16,18,34,31,33,32,30,19,20],"class_list":{"0":"post-123030","1":"post","2":"type-post","3":"status-publish","4":"format-standard","5":"has-post-thumbnail","7":"category-sverige","8":"tag-breaking-news","9":"tag-breakingnews","10":"tag-featured-news","11":"tag-featurednews","12":"tag-headlines","13":"tag-huvudnyheter","14":"tag-latest-news","15":"tag-latestnews","16":"tag-main-news","17":"tag-mainnews","18":"tag-news","19":"tag-nyheter","20":"tag-rubriker","21":"tag-se","22":"tag-svenska","23":"tag-sverige","24":"tag-sweden","25":"tag-swedish","26":"tag-top-stories","27":"tag-topstories"},"share_on_mastodon":{"url":"https:\/\/pubeurope.com\/@se\/115822893650584914","error":""},"_links":{"self":[{"href":"https:\/\/www.europesays.com\/se\/wp-json\/wp\/v2\/posts\/123030","targetHints":{"allow":["GET"]}}],"collection":[{"href":"https:\/\/www.europesays.com\/se\/wp-json\/wp\/v2\/posts"}],"about":[{"href":"https:\/\/www.europesays.com\/se\/wp-json\/wp\/v2\/types\/post"}],"author":[{"embeddable":true,"href":"https:\/\/www.europesays.com\/se\/wp-json\/wp\/v2\/users\/2"}],"replies":[{"embeddable":true,"href":"https:\/\/www.europesays.com\/se\/wp-json\/wp\/v2\/comments?post=123030"}],"version-history":[{"count":0,"href":"https:\/\/www.europesays.com\/se\/wp-json\/wp\/v2\/posts\/123030\/revisions"}],"wp:featuredmedia":[{"embeddable":true,"href":"https:\/\/www.europesays.com\/se\/wp-json\/wp\/v2\/media\/123031"}],"wp:attachment":[{"href":"https:\/\/www.europesays.com\/se\/wp-json\/wp\/v2\/media?parent=123030"}],"wp:term":[{"taxonomy":"category","embeddable":true,"href":"https:\/\/www.europesays.com\/se\/wp-json\/wp\/v2\/categories?post=123030"},{"taxonomy":"post_tag","embeddable":true,"href":"https:\/\/www.europesays.com\/se\/wp-json\/wp\/v2\/tags?post=123030"}],"curies":[{"name":"wp","href":"https:\/\/api.w.org\/{rel}","templated":true}]}}