{"id":123034,"date":"2026-01-02T01:31:47","date_gmt":"2026-01-02T01:31:47","guid":{"rendered":"https:\/\/www.europesays.com\/se\/123034\/"},"modified":"2026-01-02T01:31:47","modified_gmt":"2026-01-02T01:31:47","slug":"blidh-upkallad-till-rangers-infor-winter-classic","status":"publish","type":"post","link":"https:\/\/www.europesays.com\/se\/123034\/","title":{"rendered":"Blidh upkallad till Rangers inf\u00f6r Winter Classic"},"content":{"rendered":"<p>Under torsdagen meddelade New York Rangers att man kallat upp Blidh fr\u00e5n klubbens AHL-filial Hartford Wolf Pack. Forwarden har st\u00e5tt f\u00f6r sju po\u00e4ng (3+4) och loggats f\u00f6r 20 utvisningsminuter \u00f6ver 28 matcher i AHL den h\u00e4r s\u00e4songen.<\/p>\n<p>30-\u00e5ringen fr\u00e5n M\u00f6lnlycke utanf\u00f6r G\u00f6teborg deltog vid Rangers tr\u00e4ningspass p\u00e5 loanDepot park i Miami inf\u00f6r Discover 2026 NHL Winter Classic-m\u00f6tet mot Florida Panthers.<\/p>\n<p>\u2013 Det har varit en l\u00e5ng dag. Vi fl\u00f6g ut fr\u00e5n Hartford vid femtiden p\u00e5 morgonen och landade vid \u00e5ttatiden, s\u00e5 det var en tidig morgon, s\u00e4ger Blidh. Det blev ett par tupplurar, f\u00f6rst mellan midnatt och halv tre, sedan en p\u00e5 planet f\u00f6ljt av en timme innan tr\u00e4ningen haha.<\/p>\n<p>\u2013 Det var ett annorlunda tr\u00e4ningspass. Riktigt cool inramning n\u00e4r man ser allt runt omkring och isen var riktigt bra. Det \u00e4r kul att se alla familjerna som \u00e4r h\u00e4r och det \u00e4r lite av en annorlunda k\u00e4nsla, men n\u00e4r det \u00e4r dags f\u00f6r nedsl\u00e4pp s\u00e5 \u00e4r det som vilken match som helst, tv\u00e5 lag som sl\u00e5ss om tv\u00e5 po\u00e4ng.<\/p>\n<p>Rangers kallade \u00e4ven upp Brett Berard och Justin Dowling, samtidigt som man skickade ner Brennan Othmann till Wolf Pack.<\/p>\n<p>\u2013 Vi fick besked efter v\u00e5r match ig\u00e5r att vi skulle kallas upp. Man \u00e4r riktigt taggad. Det \u00e4r en cool upplevelse. Jag v\u00e4xte upp med att kolla Winter Classic p\u00e5 tv, s\u00e5 jag \u00e4r oerh\u00f6rt glad.<\/p>\n<p>Blidh valdes av Boston Bruins i sj\u00e4tte rundan av 2013 \u00e5rs NHL-draft och har gjort totalt 85 NHL-matcher \u00f6ver delar av \u00e5tta s\u00e4songer i Nordamerika, med 12 po\u00e4ng (4+8) som resultat.<\/p>\n","protected":false},"excerpt":{"rendered":"Under torsdagen meddelade New York Rangers att man kallat upp Blidh fr\u00e5n klubbens AHL-filial Hartford Wolf Pack. Forwarden&hellip;\n","protected":false},"author":2,"featured_media":123035,"comment_status":"","ping_status":"","sticky":false,"template":"","format":"standard","meta":{"footnotes":""},"categories":[5],"tags":[22,23,26,27,17,21,24,25,28,29,15,16,18,34,31,33,32,30,19,20],"class_list":{"0":"post-123034","1":"post","2":"type-post","3":"status-publish","4":"format-standard","5":"has-post-thumbnail","7":"category-rubriker","8":"tag-breaking-news","9":"tag-breakingnews","10":"tag-featured-news","11":"tag-featurednews","12":"tag-headlines","13":"tag-huvudnyheter","14":"tag-latest-news","15":"tag-latestnews","16":"tag-main-news","17":"tag-mainnews","18":"tag-news","19":"tag-nyheter","20":"tag-rubriker","21":"tag-se","22":"tag-svenska","23":"tag-sverige","24":"tag-sweden","25":"tag-swedish","26":"tag-top-stories","27":"tag-topstories"},"share_on_mastodon":{"url":"https:\/\/pubeurope.com\/@se\/115822928988232920","error":""},"_links":{"self":[{"href":"https:\/\/www.europesays.com\/se\/wp-json\/wp\/v2\/posts\/123034","targetHints":{"allow":["GET"]}}],"collection":[{"href":"https:\/\/www.europesays.com\/se\/wp-json\/wp\/v2\/posts"}],"about":[{"href":"https:\/\/www.europesays.com\/se\/wp-json\/wp\/v2\/types\/post"}],"author":[{"embeddable":true,"href":"https:\/\/www.europesays.com\/se\/wp-json\/wp\/v2\/users\/2"}],"replies":[{"embeddable":true,"href":"https:\/\/www.europesays.com\/se\/wp-json\/wp\/v2\/comments?post=123034"}],"version-history":[{"count":0,"href":"https:\/\/www.europesays.com\/se\/wp-json\/wp\/v2\/posts\/123034\/revisions"}],"wp:featuredmedia":[{"embeddable":true,"href":"https:\/\/www.europesays.com\/se\/wp-json\/wp\/v2\/media\/123035"}],"wp:attachment":[{"href":"https:\/\/www.europesays.com\/se\/wp-json\/wp\/v2\/media?parent=123034"}],"wp:term":[{"taxonomy":"category","embeddable":true,"href":"https:\/\/www.europesays.com\/se\/wp-json\/wp\/v2\/categories?post=123034"},{"taxonomy":"post_tag","embeddable":true,"href":"https:\/\/www.europesays.com\/se\/wp-json\/wp\/v2\/tags?post=123034"}],"curies":[{"name":"wp","href":"https:\/\/api.w.org\/{rel}","templated":true}]}}