{"id":123036,"date":"2026-01-02T01:49:11","date_gmt":"2026-01-02T01:49:11","guid":{"rendered":"https:\/\/www.europesays.com\/se\/123036\/"},"modified":"2026-01-02T01:49:11","modified_gmt":"2026-01-02T01:49:11","slug":"manchester-city-nollat-tappar-mark-i-toppstriden-premier-league","status":"publish","type":"post","link":"https:\/\/www.europesays.com\/se\/123036\/","title":{"rendered":"Manchester City nollat \u2013\u00a0tappar mark i toppstriden | Premier League"},"content":{"rendered":"<p>Publicerad 1 jan 2026 kl 22.58Uppdaterad kl 23.04<\/p>\n<p>Manchester City hade chansen att knappa in p\u00e5 Arsenal.<\/p>\n<p>Mot Sunderland blev det dock inga m\u00e5l.<\/p>\n<p>\u2013 City kastar bort tv\u00e5 po\u00e4ng, s\u00e4ger Viaplays expert Bojan Djordjic.<\/p>\n<p><img   alt=\"\"\/> <\/p>\n<p>Foto: ALFIE COSGROVE \/ STELLA PICTURES<\/p>\n<p>\u00d6ppna bild i helsk\u00e4rm<img loading=\"lazy\"   alt=\"\"\/> <\/p>\n<p>Foto: IMAGO \/ IMAGO\/EVERY SECOND MEDIA WWW.IMAGO-IMAGES.DE<\/p>\n<p>\u00d6ppna bild i helsk\u00e4rm<\/p>\n<p>Sunderland har varit den stora positiva \u00f6verraskningen i \u00e5rets Premier League.<\/p>\n<p>Nykomlingen har g\u00e5tt l\u00e5ngt b\u00e4ttre \u00e4n f\u00f6rv\u00e4ntat och har snarare blandat in sig i striden om Europaplatser \u00e4n n\u00e5gon nedflyttningskamp.<\/p>\n<p>Det var s\u00e5ledes tufft motst\u00e5nd som v\u00e4ntade <a href=\"https:\/\/www.expressen.se\/tagg\/organization\/manchester-city\/\" class=\"\" rel=\"nofollow noopener\" target=\"_blank\">Manchester City<\/a> p\u00e5 Stadium of Light.<\/p>\n<p>Och Erling Haaland och co hade det k\u00e4mpigt framf\u00f6r m\u00e5l.<\/p>\n<p>N\u00e4rmast att spr\u00e4cka nollan var mittbacken Josko Gvardiol med en nick fr\u00e5n n\u00e4ra h\u00e5ll efter dryga timmens spel.<\/p>\n<p>Och kroaten kom \u00e4ven n\u00e4ra tv\u00e5 g\u00e5nger om i slutskedet.<\/p>\n<p>Men matchen slutade m\u00e5ll\u00f6s, 0\u20130. N\u00e5got tabelltoppande Arsenal s\u00e4kert var gladast f\u00f6r.<\/p>\n<p>Andraplacerade Manchester City missade n\u00e4mligen chansen att n\u00e4rma sig serieledaren och \u00e4r nu fyra po\u00e4ng bakom.<\/p>\n<p>Sunderland ligger p\u00e5 sjunde plats i ligan.<\/p>\n","protected":false},"excerpt":{"rendered":"Publicerad 1 jan 2026 kl 22.58Uppdaterad kl 23.04 Manchester City hade chansen att knappa in p\u00e5 Arsenal. Mot&hellip;\n","protected":false},"author":2,"featured_media":123037,"comment_status":"","ping_status":"","sticky":false,"template":"","format":"standard","meta":{"footnotes":""},"categories":[68],"tags":[3411,244,12960,34,129,242,111,110,31,33,32,30],"class_list":{"0":"post-123036","1":"post","2":"type-post","3":"status-publish","4":"format-standard","5":"has-post-thumbnail","7":"category-sport","8":"tag-organization-manchester-city","9":"tag-organization-premier-league","10":"tag-organization-sunderland-afc","11":"tag-se","12":"tag-sections-fotboll","13":"tag-sections-premierleague","14":"tag-sport","15":"tag-sports","16":"tag-svenska","17":"tag-sverige","18":"tag-sweden","19":"tag-swedish"},"share_on_mastodon":{"url":"https:\/\/pubeurope.com\/@se\/115822995941721092","error":""},"_links":{"self":[{"href":"https:\/\/www.europesays.com\/se\/wp-json\/wp\/v2\/posts\/123036","targetHints":{"allow":["GET"]}}],"collection":[{"href":"https:\/\/www.europesays.com\/se\/wp-json\/wp\/v2\/posts"}],"about":[{"href":"https:\/\/www.europesays.com\/se\/wp-json\/wp\/v2\/types\/post"}],"author":[{"embeddable":true,"href":"https:\/\/www.europesays.com\/se\/wp-json\/wp\/v2\/users\/2"}],"replies":[{"embeddable":true,"href":"https:\/\/www.europesays.com\/se\/wp-json\/wp\/v2\/comments?post=123036"}],"version-history":[{"count":0,"href":"https:\/\/www.europesays.com\/se\/wp-json\/wp\/v2\/posts\/123036\/revisions"}],"wp:featuredmedia":[{"embeddable":true,"href":"https:\/\/www.europesays.com\/se\/wp-json\/wp\/v2\/media\/123037"}],"wp:attachment":[{"href":"https:\/\/www.europesays.com\/se\/wp-json\/wp\/v2\/media?parent=123036"}],"wp:term":[{"taxonomy":"category","embeddable":true,"href":"https:\/\/www.europesays.com\/se\/wp-json\/wp\/v2\/categories?post=123036"},{"taxonomy":"post_tag","embeddable":true,"href":"https:\/\/www.europesays.com\/se\/wp-json\/wp\/v2\/tags?post=123036"}],"curies":[{"name":"wp","href":"https:\/\/api.w.org\/{rel}","templated":true}]}}