{"id":123043,"date":"2026-01-02T02:19:08","date_gmt":"2026-01-02T02:19:08","guid":{"rendered":"https:\/\/www.europesays.com\/se\/123043\/"},"modified":"2026-01-02T02:19:08","modified_gmt":"2026-01-02T02:19:08","slug":"tjustbanan-kan-ersattas-med-snabb-bussar","status":"publish","type":"post","link":"https:\/\/www.europesays.com\/se\/123043\/","title":{"rendered":"Tjustbanan kan ers\u00e4ttas med snabb-bussar"},"content":{"rendered":"<p class=\"long-read-first-paragraph\">I snitt reser det 14 passagerare per tur med Tjustbanan enligt en unders\u00f6kning som Kalmar l\u00e4nstrafik gjort. F\u00f6r att n\u00e5 upp till l\u00e4nstrafikens m\u00e5l skulle antalet resande beh\u00f6va f\u00f6rdubblas. Mellan den 27 september och 5 oktober gjorde KLT en manuell resander\u00e4kning p\u00e5 t\u00e5gen p\u00e5 Tjustbanan.\u00a0I m\u00e4tningen ing\u00e5r inte dem som reser med buss mellan V\u00e4stervik och Link\u00f6ping. Vi ha<\/p>\n","protected":false},"excerpt":{"rendered":"I snitt reser det 14 passagerare per tur med Tjustbanan enligt en unders\u00f6kning som Kalmar l\u00e4nstrafik gjort. F\u00f6r&hellip;\n","protected":false},"author":2,"featured_media":123044,"comment_status":"","ping_status":"","sticky":false,"template":"","format":"standard","meta":{"footnotes":""},"categories":[12],"tags":[22,23,26,27,17,21,24,25,28,29,15,16,18,34,31,33,32,30,19,20],"class_list":{"0":"post-123043","1":"post","2":"type-post","3":"status-publish","4":"format-standard","5":"has-post-thumbnail","7":"category-sverige","8":"tag-breaking-news","9":"tag-breakingnews","10":"tag-featured-news","11":"tag-featurednews","12":"tag-headlines","13":"tag-huvudnyheter","14":"tag-latest-news","15":"tag-latestnews","16":"tag-main-news","17":"tag-mainnews","18":"tag-news","19":"tag-nyheter","20":"tag-rubriker","21":"tag-se","22":"tag-svenska","23":"tag-sverige","24":"tag-sweden","25":"tag-swedish","26":"tag-top-stories","27":"tag-topstories"},"share_on_mastodon":{"url":"https:\/\/pubeurope.com\/@se\/115823113835926815","error":""},"_links":{"self":[{"href":"https:\/\/www.europesays.com\/se\/wp-json\/wp\/v2\/posts\/123043","targetHints":{"allow":["GET"]}}],"collection":[{"href":"https:\/\/www.europesays.com\/se\/wp-json\/wp\/v2\/posts"}],"about":[{"href":"https:\/\/www.europesays.com\/se\/wp-json\/wp\/v2\/types\/post"}],"author":[{"embeddable":true,"href":"https:\/\/www.europesays.com\/se\/wp-json\/wp\/v2\/users\/2"}],"replies":[{"embeddable":true,"href":"https:\/\/www.europesays.com\/se\/wp-json\/wp\/v2\/comments?post=123043"}],"version-history":[{"count":0,"href":"https:\/\/www.europesays.com\/se\/wp-json\/wp\/v2\/posts\/123043\/revisions"}],"wp:featuredmedia":[{"embeddable":true,"href":"https:\/\/www.europesays.com\/se\/wp-json\/wp\/v2\/media\/123044"}],"wp:attachment":[{"href":"https:\/\/www.europesays.com\/se\/wp-json\/wp\/v2\/media?parent=123043"}],"wp:term":[{"taxonomy":"category","embeddable":true,"href":"https:\/\/www.europesays.com\/se\/wp-json\/wp\/v2\/categories?post=123043"},{"taxonomy":"post_tag","embeddable":true,"href":"https:\/\/www.europesays.com\/se\/wp-json\/wp\/v2\/tags?post=123043"}],"curies":[{"name":"wp","href":"https:\/\/api.w.org\/{rel}","templated":true}]}}