{"id":123051,"date":"2026-01-02T02:42:30","date_gmt":"2026-01-02T02:42:30","guid":{"rendered":"https:\/\/www.europesays.com\/se\/123051\/"},"modified":"2026-01-02T02:42:30","modified_gmt":"2026-01-02T02:42:30","slug":"angelus-leo-xiv-lat-oss-inleda-en-era-av-fred-och-vanskap","status":"publish","type":"post","link":"https:\/\/www.europesays.com\/se\/123051\/","title":{"rendered":"Angelus. Leo XIV: L\u00e5t oss inleda en era av fred och v\u00e4nskap"},"content":{"rendered":"<p><b>Vatican News<\/b><\/p>\n<p>Vid Angelus p\u00e5 Ny\u00e5rsdagen 2026, Guds heliga moder Marias h\u00f6gtid tillika den 59:e V\u00e4rldsdagen f\u00f6r fred, uppmanar p\u00e5ven Leo XIV till att anta samma stil som Gud, som Jubel\u00e5ret har p\u00e5mint de troende om och som handlar om att omv\u00e4ndelse i hj\u00e4rtat, f\u00f6rl\u00e5ta of\u00f6rr\u00e4tter och omvandla sm\u00e4rta till tr\u00f6st.<\/p>\n<p>P\u00e5ven f\u00f6rnyar sin uppmaning om fred:<\/p>\n<p>mellan nationer som \u00e4r s\u00f6nderslitna av konflikter och el\u00e4nde, men ocks\u00e5 i v\u00e5ra hem, i familjer som \u00e4r sargade av v\u00e5ld och sm\u00e4rta.<\/p>\n<p>\u00a0<\/p>\n","protected":false},"excerpt":{"rendered":"Vatican News Vid Angelus p\u00e5 Ny\u00e5rsdagen 2026, Guds heliga moder Marias h\u00f6gtid tillika den 59:e V\u00e4rldsdagen f\u00f6r fred,&hellip;\n","protected":false},"author":2,"featured_media":123052,"comment_status":"","ping_status":"","sticky":false,"template":"","format":"standard","meta":{"footnotes":""},"categories":[14],"tags":[22,23,26,27,17,21,24,25,28,29,15,16,18,34,31,33,32,30,19,20,51,52,53,54],"class_list":{"0":"post-123051","1":"post","2":"type-post","3":"status-publish","4":"format-standard","5":"has-post-thumbnail","7":"category-varlden","8":"tag-breaking-news","9":"tag-breakingnews","10":"tag-featured-news","11":"tag-featurednews","12":"tag-headlines","13":"tag-huvudnyheter","14":"tag-latest-news","15":"tag-latestnews","16":"tag-main-news","17":"tag-mainnews","18":"tag-news","19":"tag-nyheter","20":"tag-rubriker","21":"tag-se","22":"tag-svenska","23":"tag-sverige","24":"tag-sweden","25":"tag-swedish","26":"tag-top-stories","27":"tag-topstories","28":"tag-varlden","29":"tag-world","30":"tag-world-news","31":"tag-worldnews"},"share_on_mastodon":{"url":"https:\/\/pubeurope.com\/@se\/115823204370669028","error":""},"_links":{"self":[{"href":"https:\/\/www.europesays.com\/se\/wp-json\/wp\/v2\/posts\/123051","targetHints":{"allow":["GET"]}}],"collection":[{"href":"https:\/\/www.europesays.com\/se\/wp-json\/wp\/v2\/posts"}],"about":[{"href":"https:\/\/www.europesays.com\/se\/wp-json\/wp\/v2\/types\/post"}],"author":[{"embeddable":true,"href":"https:\/\/www.europesays.com\/se\/wp-json\/wp\/v2\/users\/2"}],"replies":[{"embeddable":true,"href":"https:\/\/www.europesays.com\/se\/wp-json\/wp\/v2\/comments?post=123051"}],"version-history":[{"count":0,"href":"https:\/\/www.europesays.com\/se\/wp-json\/wp\/v2\/posts\/123051\/revisions"}],"wp:featuredmedia":[{"embeddable":true,"href":"https:\/\/www.europesays.com\/se\/wp-json\/wp\/v2\/media\/123052"}],"wp:attachment":[{"href":"https:\/\/www.europesays.com\/se\/wp-json\/wp\/v2\/media?parent=123051"}],"wp:term":[{"taxonomy":"category","embeddable":true,"href":"https:\/\/www.europesays.com\/se\/wp-json\/wp\/v2\/categories?post=123051"},{"taxonomy":"post_tag","embeddable":true,"href":"https:\/\/www.europesays.com\/se\/wp-json\/wp\/v2\/tags?post=123051"}],"curies":[{"name":"wp","href":"https:\/\/api.w.org\/{rel}","templated":true}]}}