{"id":123055,"date":"2026-01-02T02:52:36","date_gmt":"2026-01-02T02:52:36","guid":{"rendered":"https:\/\/www.europesays.com\/se\/123055\/"},"modified":"2026-01-02T02:52:36","modified_gmt":"2026-01-02T02:52:36","slug":"flera-varmerekord-slagna-under-2025-4","status":"publish","type":"post","link":"https:\/\/www.europesays.com\/se\/123055\/","title":{"rendered":"Flera v\u00e4rmerekord slagna under 2025"},"content":{"rendered":"<p class=\"boxtextgrotesk-root_baa6 hyperion-css-7pajle\">Publicerad 2025-12-31 07.40<\/p>\n<p>share-arrowDela<\/p>\n<p>unsaveSpara<\/p>\n<p>expand-left<\/p>\n<p>helsk\u00e4rm<img decoding=\"async\" class=\"image-asset hyperion-css-u06ts1\" data-test-tag=\"image-asset\" src=\"https:\/\/www.europesays.com\/se\/wp-content\/uploads\/2026\/01\/86940446-75ea-44ef-b97e-bb2f8b1f7e6f.jpeg\"  alt=\"En man svalkar sig i en font\u00e4n i en f\u00f6rort till Aten under sommarens intensiva v\u00e4rmeb\u00f6lja.\"  loading=\"eager\" fetchpriority=\"high\" style=\"aspect-ratio:1900 \/ 1266\"\/>En man svalkar sig i en font\u00e4n i en f\u00f6rort till Aten under sommarens intensiva v\u00e4rmeb\u00f6lja. Foto: Yorgos Karahalis\/AP\/TT<\/p>\n<p class=\"hyperion-css-1shl3oz\" data-test-tag=\"lead-text\">V\u00e4rmerekord har slagits p\u00e5 flera platser under 2025, som ser ut att bli det tredje varmaste \u00e5ret efter 2024 och 2023.<\/p>\n<p class=\"hyperion-css-1v9qo5x\">Flera regioner har under \u00e5ret upplevt de varmaste uppm\u00e4tta temperaturerna hittills. I Centralasien, Sahelregionen och norra Europa har medeltemperaturen aldrig tidigare varit h\u00f6gre, enligt data fr\u00e5n EU:s klimattj\u00e4nst Copernicus som har analyserats av AFP.<\/p>\n<p class=\"hyperion-css-1v9qo5x\">Globalt sett ser de senaste tolv m\u00e5naderna ut att bli de tredje varmaste n\u00e5gonsin sedan m\u00e4tningarna b\u00f6rjade, efter de n\u00e4rmast f\u00f6reg\u00e5ende \u00e5ren 2024 och 2023.<\/p>\n<p class=\"hyperion-css-1v9qo5x\">I Europa var sommaren exceptionellt varm. P\u00e5 Balkan n\u00e5dde temperaturen p\u00e5 sina h\u00e5ll hela tre grader \u00f6ver det normala.<\/p>\n<p class=\"hyperion-css-1v9qo5x\">Norra Europa klarade sig i stort sett fr\u00e5n sommarens v\u00e4rmeb\u00f6lja, men upplevde en mycket varm h\u00f6st. Sammantaget \u00e4r 2025 ett av de tv\u00e5 varmaste \u00e5ren sedan m\u00e4tningarnas b\u00f6rjan f\u00f6r Sverige, Norge, Finland och Island.<\/p>\n<p class=\"hyperion-css-1v9qo5x\">Rekord slogs ocks\u00e5 p\u00e5 flera h\u00e5ll i Afrika. Mali, Niger, Nigeria och Burkina Faso upplevde temperaturer h\u00f6gre \u00e4n genomsnittet.<\/p>\n<p class=\"hyperion-css-1v9qo5x\">Och i Centralasien slog varje land sina \u00e5rsmedeltemperaturer under 2025.<\/p>\n<p class=\"hyperion-css-1v9qo5x\">Forskare fr\u00e5n World Weather Attribution som utv\u00e4rderar m\u00e4nsklig p\u00e5verkan p\u00e5 klimatet skriver i en rapport att extrema v\u00e4rmeb\u00f6ljor har blivit n\u00e4stan tio g\u00e5nger vanligare sedan 2015.<\/p>\n<p class=\"hyperion-css-1v9qo5x\">Underlaget, som fortfarande \u00e4r prelimin\u00e4rt, kommer att fastst\u00e4llas av EU:s klimattj\u00e4nst Copernicus i januari.<\/p>\n","protected":false},"excerpt":{"rendered":"Publicerad 2025-12-31 07.40 share-arrowDela unsaveSpara expand-left helsk\u00e4rmEn man svalkar sig i en font\u00e4n i en f\u00f6rort till Aten&hellip;\n","protected":false},"author":2,"featured_media":123056,"comment_status":"","ping_status":"","sticky":false,"template":"","format":"standard","meta":{"footnotes":""},"categories":[12],"tags":[22,23,26,27,17,21,24,25,28,29,15,16,18,34,31,33,32,30,19,20],"class_list":{"0":"post-123055","1":"post","2":"type-post","3":"status-publish","4":"format-standard","5":"has-post-thumbnail","7":"category-sverige","8":"tag-breaking-news","9":"tag-breakingnews","10":"tag-featured-news","11":"tag-featurednews","12":"tag-headlines","13":"tag-huvudnyheter","14":"tag-latest-news","15":"tag-latestnews","16":"tag-main-news","17":"tag-mainnews","18":"tag-news","19":"tag-nyheter","20":"tag-rubriker","21":"tag-se","22":"tag-svenska","23":"tag-sverige","24":"tag-sweden","25":"tag-swedish","26":"tag-top-stories","27":"tag-topstories"},"share_on_mastodon":{"url":"https:\/\/pubeurope.com\/@se\/115823243608959391","error":""},"_links":{"self":[{"href":"https:\/\/www.europesays.com\/se\/wp-json\/wp\/v2\/posts\/123055","targetHints":{"allow":["GET"]}}],"collection":[{"href":"https:\/\/www.europesays.com\/se\/wp-json\/wp\/v2\/posts"}],"about":[{"href":"https:\/\/www.europesays.com\/se\/wp-json\/wp\/v2\/types\/post"}],"author":[{"embeddable":true,"href":"https:\/\/www.europesays.com\/se\/wp-json\/wp\/v2\/users\/2"}],"replies":[{"embeddable":true,"href":"https:\/\/www.europesays.com\/se\/wp-json\/wp\/v2\/comments?post=123055"}],"version-history":[{"count":0,"href":"https:\/\/www.europesays.com\/se\/wp-json\/wp\/v2\/posts\/123055\/revisions"}],"wp:featuredmedia":[{"embeddable":true,"href":"https:\/\/www.europesays.com\/se\/wp-json\/wp\/v2\/media\/123056"}],"wp:attachment":[{"href":"https:\/\/www.europesays.com\/se\/wp-json\/wp\/v2\/media?parent=123055"}],"wp:term":[{"taxonomy":"category","embeddable":true,"href":"https:\/\/www.europesays.com\/se\/wp-json\/wp\/v2\/categories?post=123055"},{"taxonomy":"post_tag","embeddable":true,"href":"https:\/\/www.europesays.com\/se\/wp-json\/wp\/v2\/tags?post=123055"}],"curies":[{"name":"wp","href":"https:\/\/api.w.org\/{rel}","templated":true}]}}