{"id":123057,"date":"2026-01-02T03:01:08","date_gmt":"2026-01-02T03:01:08","guid":{"rendered":"https:\/\/www.europesays.com\/se\/123057\/"},"modified":"2026-01-02T03:01:08","modified_gmt":"2026-01-02T03:01:08","slug":"forssmed-psykisk-halsa-ska-in-pa-skolschemat","status":"publish","type":"post","link":"https:\/\/www.europesays.com\/se\/123057\/","title":{"rendered":"Forssmed: Psykisk h\u00e4lsa ska in p\u00e5 skolschemat"},"content":{"rendered":"<p>Han pekar p\u00e5 att flera rapporter de senaste decennierna visat p\u00e5 stigande niv\u00e5er av psykisk oh\u00e4lsa hos barn. Han h\u00e4nvisar ocks\u00e5 till V\u00e4rldsh\u00e4lsoorganisationen (WHO), som rekommenderar undervisning om psykisk h\u00e4lsa i skolan. <\/p>\n<p>\u201dNu kan vi l\u00e4gga en ytterligare pusselbit till det fr\u00e4mjande och f\u00f6rebyggande arbetet \u2013 n\u00e4mligen beskedet om att regeringen kommer att inf\u00f6ra psykisk h\u00e4lsa p\u00e5 schemat\u201d, skriver socialministern.<\/p>\n<p>Det blir Skolverket som f\u00e5r i uppdrag att ta fram nya l\u00e4roplaner f\u00f6r den 10-\u00e5riga grundskolan, d\u00e4r kunskaper om psykisk h\u00e4lsa ska ing\u00e5 i de \u00e4mnen d\u00e4r det \u00e4r relevant. <\/p>\n<p>\u201dDet skulle till exempel kunna vara \u2013 med olika fokus och tyngdpunkt \u2013 inom ramen f\u00f6r \u00e4mnena biologi och idrott och h\u00e4lsa\u201d, skriver Forssmed. <\/p>\n","protected":false},"excerpt":{"rendered":"Han pekar p\u00e5 att flera rapporter de senaste decennierna visat p\u00e5 stigande niv\u00e5er av psykisk oh\u00e4lsa hos barn.&hellip;\n","protected":false},"author":2,"featured_media":123058,"comment_status":"","ping_status":"","sticky":false,"template":"","format":"standard","meta":{"footnotes":""},"categories":[5],"tags":[22,23,26,27,17,21,24,25,28,29,15,16,18,34,31,33,32,30,19,20],"class_list":{"0":"post-123057","1":"post","2":"type-post","3":"status-publish","4":"format-standard","5":"has-post-thumbnail","7":"category-rubriker","8":"tag-breaking-news","9":"tag-breakingnews","10":"tag-featured-news","11":"tag-featurednews","12":"tag-headlines","13":"tag-huvudnyheter","14":"tag-latest-news","15":"tag-latestnews","16":"tag-main-news","17":"tag-mainnews","18":"tag-news","19":"tag-nyheter","20":"tag-rubriker","21":"tag-se","22":"tag-svenska","23":"tag-sverige","24":"tag-sweden","25":"tag-swedish","26":"tag-top-stories","27":"tag-topstories"},"share_on_mastodon":{"url":"https:\/\/pubeurope.com\/@se\/115823279057036533","error":""},"_links":{"self":[{"href":"https:\/\/www.europesays.com\/se\/wp-json\/wp\/v2\/posts\/123057","targetHints":{"allow":["GET"]}}],"collection":[{"href":"https:\/\/www.europesays.com\/se\/wp-json\/wp\/v2\/posts"}],"about":[{"href":"https:\/\/www.europesays.com\/se\/wp-json\/wp\/v2\/types\/post"}],"author":[{"embeddable":true,"href":"https:\/\/www.europesays.com\/se\/wp-json\/wp\/v2\/users\/2"}],"replies":[{"embeddable":true,"href":"https:\/\/www.europesays.com\/se\/wp-json\/wp\/v2\/comments?post=123057"}],"version-history":[{"count":0,"href":"https:\/\/www.europesays.com\/se\/wp-json\/wp\/v2\/posts\/123057\/revisions"}],"wp:featuredmedia":[{"embeddable":true,"href":"https:\/\/www.europesays.com\/se\/wp-json\/wp\/v2\/media\/123058"}],"wp:attachment":[{"href":"https:\/\/www.europesays.com\/se\/wp-json\/wp\/v2\/media?parent=123057"}],"wp:term":[{"taxonomy":"category","embeddable":true,"href":"https:\/\/www.europesays.com\/se\/wp-json\/wp\/v2\/categories?post=123057"},{"taxonomy":"post_tag","embeddable":true,"href":"https:\/\/www.europesays.com\/se\/wp-json\/wp\/v2\/tags?post=123057"}],"curies":[{"name":"wp","href":"https:\/\/api.w.org\/{rel}","templated":true}]}}