{"id":123096,"date":"2026-01-02T04:49:58","date_gmt":"2026-01-02T04:49:58","guid":{"rendered":"https:\/\/www.europesays.com\/se\/123096\/"},"modified":"2026-01-02T04:49:58","modified_gmt":"2026-01-02T04:49:58","slug":"oscarsvinnaren-tommy-lee-jones-dotter-victoria-dod","status":"publish","type":"post","link":"https:\/\/www.europesays.com\/se\/123096\/","title":{"rendered":"Oscarsvinnaren Tommy Lee Jones dotter Victoria d\u00f6d"},"content":{"rendered":"<p>Publicerad 2 jan 2026 kl 05.41<\/p>\n<p>Oscarsvinnaren Tommy Lee Jones dotter Victoria har hittats d\u00f6d p\u00e5 ett hotell i Kalifornien, skriver <a href=\"https:\/\/www.tmz.com\/2026\/01\/01\/tommy-lee-jones-daughter-victoria-dead\/\" rel=\"nofollow noopener\" target=\"_blank\">TMZ<\/a>.<\/p>\n<p>Hon blev 34 \u00e5r.<\/p>\n<p>Senaste n\u00f6jesklippen fr\u00e5n Expressen.<img   alt=\"\"\/><\/p>\n<p>Tommy Lee Jones och dottern Victoria Jones.<\/p>\n<p>Foto: MASATOSHI OKAUCHI\/SHUTTERSTOCK \/ SHUTTERSTOCK EDITORIAL\/IBL<\/p>\n<p>\u00d6ppna bild i helsk\u00e4rm<\/p>\n<p>R\u00e4ddningstj\u00e4nsten ryckte ut till en medicinsk n\u00f6dsituation vid ett hotell i San Francisco p\u00e5 ny\u00e5rsdagen. D\u00e4r hittade man Victoria Jones, dotter till sk\u00e5despelaren Tommy Lee Jones som vann en Oscar f\u00f6r b\u00e4sta manliga biroll f\u00f6r \u201dJagad\u201d, d\u00f6d.\u00a0<\/p>\n<p>Victoria Jones blev 34 \u00e5r. D\u00f6dsorsaken \u00e4r inte k\u00e4nd, men NBC Bay Area uppgav att det inte finns n\u00e5gon misstanke om brott.<\/p>\n<p>Victoria Jones gjorde n\u00e5gra sk\u00e5despelarinsatser i yngre \u00e5r, bland annat i filmerna \u201dMen in Black II\u201d (2002) d\u00e4r pappan spelade ena huvudrollen och \u201dThe Three Burials of Melquiades Estrada (2005) som pappan regisserade och spelade huvudrollen i.<\/p>\n","protected":false},"excerpt":{"rendered":"Publicerad 2 jan 2026 kl 05.41 Oscarsvinnaren Tommy Lee Jones dotter Victoria har hittats d\u00f6d p\u00e5 ett hotell&hellip;\n","protected":false},"author":2,"featured_media":123097,"comment_status":"","ping_status":"","sticky":false,"template":"","format":"standard","meta":{"footnotes":""},"categories":[67],"tags":[104,34,31,33,32,30,427,105],"class_list":{"0":"post-123096","1":"post","2":"type-post","3":"status-publish","4":"format-standard","5":"has-post-thumbnail","7":"category-underhallning","8":"tag-entertainment","9":"tag-se","10":"tag-svenska","11":"tag-sverige","12":"tag-sweden","13":"tag-swedish","14":"tag-topic-dodsfall","15":"tag-underhallning"},"share_on_mastodon":{"url":"https:\/\/pubeurope.com\/@se\/115823707593285699","error":""},"_links":{"self":[{"href":"https:\/\/www.europesays.com\/se\/wp-json\/wp\/v2\/posts\/123096","targetHints":{"allow":["GET"]}}],"collection":[{"href":"https:\/\/www.europesays.com\/se\/wp-json\/wp\/v2\/posts"}],"about":[{"href":"https:\/\/www.europesays.com\/se\/wp-json\/wp\/v2\/types\/post"}],"author":[{"embeddable":true,"href":"https:\/\/www.europesays.com\/se\/wp-json\/wp\/v2\/users\/2"}],"replies":[{"embeddable":true,"href":"https:\/\/www.europesays.com\/se\/wp-json\/wp\/v2\/comments?post=123096"}],"version-history":[{"count":0,"href":"https:\/\/www.europesays.com\/se\/wp-json\/wp\/v2\/posts\/123096\/revisions"}],"wp:featuredmedia":[{"embeddable":true,"href":"https:\/\/www.europesays.com\/se\/wp-json\/wp\/v2\/media\/123097"}],"wp:attachment":[{"href":"https:\/\/www.europesays.com\/se\/wp-json\/wp\/v2\/media?parent=123096"}],"wp:term":[{"taxonomy":"category","embeddable":true,"href":"https:\/\/www.europesays.com\/se\/wp-json\/wp\/v2\/categories?post=123096"},{"taxonomy":"post_tag","embeddable":true,"href":"https:\/\/www.europesays.com\/se\/wp-json\/wp\/v2\/tags?post=123096"}],"curies":[{"name":"wp","href":"https:\/\/api.w.org\/{rel}","templated":true}]}}