{"id":123107,"date":"2026-01-02T05:06:56","date_gmt":"2026-01-02T05:06:56","guid":{"rendered":"https:\/\/www.europesays.com\/se\/123107\/"},"modified":"2026-01-02T05:06:56","modified_gmt":"2026-01-02T05:06:56","slug":"nu-pa-netflix-hyllad-krigsfilm-om-amerikanska-inbordeskriget-med-95-pa-rotten-tomatoes","status":"publish","type":"post","link":"https:\/\/www.europesays.com\/se\/123107\/","title":{"rendered":"Nu p\u00e5 Netflix: Hyllad krigsfilm om amerikanska inb\u00f6rdeskriget \u2013 med 95% p\u00e5 Rotten Tomatoes"},"content":{"rendered":"<p>\u201c\u00c4rans m\u00e4n\u201d (originaltitel: \u201dGlory\u201d) \u00e4r en krigsfilm regisserad av Edward Zwick (\u201cThe Last Samurai\u201d, \u201cBlood Diamond\u201d). Den utspelar sig under det amerikanska inb\u00f6rdeskriget.<\/p>\n<p>I fokus st\u00e5r det f\u00f6rsta regementet av afroamerikanska soldater i Nordstaterna och deras bef\u00e4lhavare, \u00f6verste Robert Gould Shaw, spelad av Matthew Broderick.<\/p>\n<p>F\u00f6rutom Brodrick ser vi bland annat Denzel Washington , Morgan Freeman och Cary Elwes imponera framf\u00f6r kameran.<\/p>\n<p>Hyllad men bortgl\u00f6md<\/p>\n<p>Vi pratar inte mycket om \u201c\u00c4rans m\u00e4n\u201d nuf\u00f6rtiden, den k\u00e4nns lite bortgl\u00f6md, men var hyllad n\u00e4r den kom.<\/p>\n<p>Den vann tre Oscars. F\u00f6r foto, ljud och s\u00e5 b\u00e4sta manliga biroll till Denzel.\u00a0\u00a0<\/p>\n<p>P\u00e5 <a href=\"https:\/\/www.rottentomatoes.com\/m\/1008415-glory\" rel=\"nofollow noopener\" target=\"_blank\">Rotten Tomatoes har \u201c\u00c4rans m\u00e4n\u201d<\/a> ett imponerande betyg p\u00e5 95% hos kritikern, och 93% fr\u00e5n publiken.<\/p>\n<p>RT samlar inte de \u00e4ldsta recensionerna, utan g\u00e5r tillbaka lite drygt 25 \u00e5r, men de mer moderna r\u00f6sterna \u00e4r r\u00f6rande \u00f6verens:<\/p>\n<p>\u201cMed sin exceptionella filmfotografi, kraftfulla ber\u00e4ttarteknik och Denzel Washingtons Oscarbel\u00f6nade sk\u00e5despelarinsats \u00e4r Glory fortfarande en av de b\u00e4sta filmerna som n\u00e5gonsin gjorts om amerikanska inb\u00f6rdeskriget.\u201d<\/p>\n<p>\u201c\u00c4rans m\u00e4n\u201d finns nu tillg\u00e4nglig f\u00f6r streaming p\u00e5 Netflix. Har du inget abonnemang d\u00e4r, g\u00e5r den \u00e4ven att hyra p\u00e5 vod-tj\u00e4nster som SF Anytime, Viaplay och Apple TV.<\/p>\n<p>L\u00e4s ocks\u00e5: <a href=\"https:\/\/www.moviezine.se\/nyheter\/denzel-washington-skrattar-at-oscar-snubbningen-jag-har-varit-med-for-lange\" title=\"Denzel Washington skrattar \u00e5t Oscar-snubbningen: \u201dJag har varit med f\u00f6r l\u00e4nge\u201d\" class=\"underline-custom !font-montserrat !font-bold !underline-offset-4 !decoration-4 !decoration-moviezine-green !text-md\" rel=\"nofollow noopener\" target=\"_blank\">Denzel Washington skrattar \u00e5t Oscar-snubbningen: \u201dJag har varit med f\u00f6r l\u00e4nge\u201d<\/a><\/p>\n<p>Kolla in trailern till \u201d\u00c4rans m\u00e4n\u201d h\u00e4r:<\/p>\n<p><img loading=\"lazy\" decoding=\"async\" alt=\"YouTube video\" width=\"480\" height=\"360\" data-pin-nopin=\"true\" nopin=\"nopin\" class=\"perfmatters-lazy\" src=\"https:\/\/www.europesays.com\/se\/wp-content\/uploads\/2026\/01\/1767330416_269_hqdefault.jpg\"\/><\/p>\n<p>L\u00e4s ocks\u00e5: <a href=\"https:\/\/www.moviezine.se\/nyheter\/denzel-washington-sagar-sina-gamla-filmer-jag-gjorde-nagra-riktiga-bottennapp\" title=\"Denzel Washington s\u00e5gar sina gamla filmer: \u201dJag gjorde n\u00e5gra riktiga bottennapp\u201d\" class=\"underline-custom !font-montserrat !font-bold !underline-offset-4 !decoration-4 !decoration-moviezine-green !text-md\" rel=\"nofollow noopener\" target=\"_blank\">Denzel Washington s\u00e5gar sina gamla filmer: \u201dJag gjorde n\u00e5gra riktiga bottennapp\u201d<\/a><\/p>\n<p>L\u00e4s ocks\u00e5: <a href=\"https:\/\/www.moviezine.se\/nyheter\/denzel-washington-fyller-70-ar-detta-ar-hans-basta-film-enligt-moviezines-lasare\" title=\"Denzel Washington fyller 70 \u00e5r \u2013 detta \u00e4r hans b\u00e4sta film enligt MovieZines l\u00e4sare\" class=\"underline-custom !font-montserrat !font-bold !underline-offset-4 !decoration-4 !decoration-moviezine-green !text-md\" rel=\"nofollow noopener\" target=\"_blank\">Denzel Washington fyller 70 \u00e5r \u2013 detta \u00e4r hans b\u00e4sta film enligt MovieZines l\u00e4sare<\/a><\/p>\n","protected":false},"excerpt":{"rendered":"\u201c\u00c4rans m\u00e4n\u201d (originaltitel: \u201dGlory\u201d) \u00e4r en krigsfilm regisserad av Edward Zwick (\u201cThe Last Samurai\u201d, \u201cBlood Diamond\u201d). Den utspelar&hellip;\n","protected":false},"author":2,"featured_media":123108,"comment_status":"","ping_status":"","sticky":false,"template":"","format":"standard","meta":{"footnotes":""},"categories":[67],"tags":[104,2399,34,2032,31,33,32,30,105],"class_list":{"0":"post-123107","1":"post","2":"type-post","3":"status-publish","4":"format-standard","5":"has-post-thumbnail","7":"category-underhallning","8":"tag-entertainment","9":"tag-netflix","10":"tag-se","11":"tag-streamingtips","12":"tag-svenska","13":"tag-sverige","14":"tag-sweden","15":"tag-swedish","16":"tag-underhallning"},"share_on_mastodon":{"url":"https:\/\/pubeurope.com\/@se\/115823774425324194","error":""},"_links":{"self":[{"href":"https:\/\/www.europesays.com\/se\/wp-json\/wp\/v2\/posts\/123107","targetHints":{"allow":["GET"]}}],"collection":[{"href":"https:\/\/www.europesays.com\/se\/wp-json\/wp\/v2\/posts"}],"about":[{"href":"https:\/\/www.europesays.com\/se\/wp-json\/wp\/v2\/types\/post"}],"author":[{"embeddable":true,"href":"https:\/\/www.europesays.com\/se\/wp-json\/wp\/v2\/users\/2"}],"replies":[{"embeddable":true,"href":"https:\/\/www.europesays.com\/se\/wp-json\/wp\/v2\/comments?post=123107"}],"version-history":[{"count":0,"href":"https:\/\/www.europesays.com\/se\/wp-json\/wp\/v2\/posts\/123107\/revisions"}],"wp:featuredmedia":[{"embeddable":true,"href":"https:\/\/www.europesays.com\/se\/wp-json\/wp\/v2\/media\/123108"}],"wp:attachment":[{"href":"https:\/\/www.europesays.com\/se\/wp-json\/wp\/v2\/media?parent=123107"}],"wp:term":[{"taxonomy":"category","embeddable":true,"href":"https:\/\/www.europesays.com\/se\/wp-json\/wp\/v2\/categories?post=123107"},{"taxonomy":"post_tag","embeddable":true,"href":"https:\/\/www.europesays.com\/se\/wp-json\/wp\/v2\/tags?post=123107"}],"curies":[{"name":"wp","href":"https:\/\/api.w.org\/{rel}","templated":true}]}}