{"id":12311,"date":"2025-08-24T07:55:11","date_gmt":"2025-08-24T07:55:11","guid":{"rendered":"https:\/\/www.europesays.com\/se\/12311\/"},"modified":"2025-08-24T07:55:11","modified_gmt":"2025-08-24T07:55:11","slug":"issac-kiese-thelin-klar-for-ny-klubb-flyttar-till-japan","status":"publish","type":"post","link":"https:\/\/www.europesays.com\/se\/12311\/","title":{"rendered":"Issac Kiese Thelin klar f\u00f6r ny klubb \u2013 flyttar till Japan"},"content":{"rendered":"<p>Isaac Kiese Thelin \u00e4r klar f\u00f6r ny klubb efter uppbrottet fr\u00e5n Malm\u00f6 FF. Den landslagsmeriterade anfallaren har presenterats av japanska Urawa Red Diamonds. Enligt Aftonbladet \u00e4r kontraktet skrivet p\u00e5 tv\u00e5 \u00e5r. <\/p>\n<p>\u2013 Jag ska g\u00f6ra mitt b\u00e4sta tillsammans med alla andra i laget f\u00f6r att f\u00f6rs\u00f6ka vinna en titel med Urawa Reds. Jag l\u00e4ngtar efter att tr\u00e4 p\u00e5 tr\u00f6jan och spela framf\u00f6r er alla, s\u00e4ger Kiese Thelin i ett uttalande. <\/p>\n<p>Anfallaren har tidigare under karri\u00e4ren varit proffs i bland annat Nederl\u00e4nderna, Tyskland och Frankrike. <\/p>\n<p>Omni \u00e4r politiskt obundna och oberoende. Vi str\u00e4var efter att ge fler perspektiv p\u00e5 nyheterna. Har du fr\u00e5gor eller synpunkter kring v\u00e5r rapportering? <a href=\"https:\/\/omni.se\/issac-kiese-thelin-klar-for-ny-klubb-flyttar-till-japan\/a\/mailto:redaktion@omni.se\" class=\"ArticleActions_contactLink__W2F1M\" rel=\"nofollow noopener\" target=\"_blank\">Kontakta redaktionen<\/a><\/p>\n","protected":false},"excerpt":{"rendered":"Isaac Kiese Thelin \u00e4r klar f\u00f6r ny klubb efter uppbrottet fr\u00e5n Malm\u00f6 FF. Den landslagsmeriterade anfallaren har presenterats&hellip;\n","protected":false},"author":2,"featured_media":12312,"comment_status":"","ping_status":"","sticky":false,"template":"","format":"standard","meta":{"footnotes":""},"categories":[5],"tags":[22,23,26,27,138,17,21,1692,24,25,28,29,557,15,16,18,34,31,33,32,30,19,20],"class_list":{"0":"post-12311","1":"post","2":"type-post","3":"status-publish","4":"format-standard","5":"has-post-thumbnail","7":"category-rubriker","8":"tag-breaking-news","9":"tag-breakingnews","10":"tag-featured-news","11":"tag-featurednews","12":"tag-fotboll","13":"tag-headlines","14":"tag-huvudnyheter","15":"tag-isaac-kiese-thelin","16":"tag-latest-news","17":"tag-latestnews","18":"tag-main-news","19":"tag-mainnews","20":"tag-malmo-ff","21":"tag-news","22":"tag-nyheter","23":"tag-rubriker","24":"tag-se","25":"tag-svenska","26":"tag-sverige","27":"tag-sweden","28":"tag-swedish","29":"tag-top-stories","30":"tag-topstories"},"share_on_mastodon":{"url":"","error":""},"_links":{"self":[{"href":"https:\/\/www.europesays.com\/se\/wp-json\/wp\/v2\/posts\/12311","targetHints":{"allow":["GET"]}}],"collection":[{"href":"https:\/\/www.europesays.com\/se\/wp-json\/wp\/v2\/posts"}],"about":[{"href":"https:\/\/www.europesays.com\/se\/wp-json\/wp\/v2\/types\/post"}],"author":[{"embeddable":true,"href":"https:\/\/www.europesays.com\/se\/wp-json\/wp\/v2\/users\/2"}],"replies":[{"embeddable":true,"href":"https:\/\/www.europesays.com\/se\/wp-json\/wp\/v2\/comments?post=12311"}],"version-history":[{"count":0,"href":"https:\/\/www.europesays.com\/se\/wp-json\/wp\/v2\/posts\/12311\/revisions"}],"wp:featuredmedia":[{"embeddable":true,"href":"https:\/\/www.europesays.com\/se\/wp-json\/wp\/v2\/media\/12312"}],"wp:attachment":[{"href":"https:\/\/www.europesays.com\/se\/wp-json\/wp\/v2\/media?parent=12311"}],"wp:term":[{"taxonomy":"category","embeddable":true,"href":"https:\/\/www.europesays.com\/se\/wp-json\/wp\/v2\/categories?post=12311"},{"taxonomy":"post_tag","embeddable":true,"href":"https:\/\/www.europesays.com\/se\/wp-json\/wp\/v2\/tags?post=12311"}],"curies":[{"name":"wp","href":"https:\/\/api.w.org\/{rel}","templated":true}]}}