{"id":123121,"date":"2026-01-02T05:19:21","date_gmt":"2026-01-02T05:19:21","guid":{"rendered":"https:\/\/www.europesays.com\/se\/123121\/"},"modified":"2026-01-02T05:19:21","modified_gmt":"2026-01-02T05:19:21","slug":"golfnotan-for-trump-i-654-miljoner","status":"publish","type":"post","link":"https:\/\/www.europesays.com\/se\/123121\/","title":{"rendered":"Golfnotan f\u00f6r Trump i\n 654 miljoner"},"content":{"rendered":"<p>Publicerad 2 jan 2026 kl 00.59Uppdaterad kl 06.14<\/p>\n<p>President Donald Trump har tillbringat n\u00e4stan en fj\u00e4rdedel av sin andra mandatperiod p\u00e5 en golfklubb, enligt sajten <a href=\"https:\/\/didtrumpgolftoday.com\/\" rel=\"nofollow noopener\" target=\"_blank\">DidTrumpGolfToday.com<\/a> som sammanst\u00e4ller data baserat p\u00e5 Trumps offentliga schema.<\/p>\n<p>Detta har kostat skattebetalarna en miljard kronor, enligt sajten.<\/p>\n<p>Under hela f\u00f6rsta mandatperioden gick Trumps golfnota p\u00e5 1,4 miljarder kronor, enligt Independent.<\/p>\n<p>Senaste klippen om Trump-administrationen.<img   alt=\"\"\/><\/p>\n<p>Donald Trump p\u00e5 golfbanan.<\/p>\n<p>Foto: CHARLES KRUPA \/ AP TT NYHETSBYR\u00c5N<\/p>\n<p>\u00d6ppna bild i helsk\u00e4rm<\/p>\n<p>Trump har bes\u00f6kt golfklubbar minst 79 g\u00e5nger sedan han tilltr\u00e4dde den 20 januari 2025, vilket motsvarar 22,8 procent av presidentperioden, enligt DidTrumpGolfToday.com. Det inkluderar inte data fr\u00e5n december 2025 och noterar inte hur m\u00e5nga av dessa dagar presidenten faktiskt spelade golf.<\/p>\n<p>Enligt sajten har detta kostat skattebetalarna en miljard kronor, vilket baseras p\u00e5 en rapport fr\u00e5n Government Accountability Office fr\u00e5n 2019 om kostnaden f\u00f6r fyra golfresor under Trumps f\u00f6rsta mandatperiod. Enligt en analys fr\u00e5n HuffPost fr\u00e5n slutet av november hade Trump d\u00e5 spenderat cirka 653 miljoner kronor p\u00e5 skattefinansierade golfresor under sin andra mandatperiod.<\/p>\n<p>Kostade 1,4 miljarder kronor<\/p>\n<p>Trumps mest hektiska m\u00e5nad p\u00e5 golfklubbarna var i augusti d\u00e5 han tillbringade totalt tio dagar d\u00e4r. Presidenten tillbringade nio dagar p\u00e5 golfklubben i b\u00e5de mars och november.<\/p>\n<p>Under sin f\u00f6rsta mandatperiod spenderade Trump 1,4 miljarder kronor p\u00e5 skattefinansierade golfresor och s\u00e4kerhet.<\/p>\n<p>Han \u00e4r dock inte den ende presidenten som hamnat under lupp f\u00f6r sitt golfintresse. F\u00f6rre presidenten Barack Obama fick h\u00e5rd kritik under sin tid i Vita huset f\u00f6r tiden han \u00e4gnade \u00e5t att spela golf.<\/p>\n","protected":false},"excerpt":{"rendered":"Publicerad 2 jan 2026 kl 00.59Uppdaterad kl 06.14 President Donald Trump har tillbringat n\u00e4stan en fj\u00e4rdedel av sin&hellip;\n","protected":false},"author":2,"featured_media":123122,"comment_status":"","ping_status":"","sticky":false,"template":"","format":"standard","meta":{"footnotes":""},"categories":[5],"tags":[22,23,26,27,17,21,24,25,28,29,15,16,198,18,34,55,31,33,32,30,19,204,20],"class_list":{"0":"post-123121","1":"post","2":"type-post","3":"status-publish","4":"format-standard","5":"has-post-thumbnail","7":"category-rubriker","8":"tag-breaking-news","9":"tag-breakingnews","10":"tag-featured-news","11":"tag-featurednews","12":"tag-headlines","13":"tag-huvudnyheter","14":"tag-latest-news","15":"tag-latestnews","16":"tag-main-news","17":"tag-mainnews","18":"tag-news","19":"tag-nyheter","20":"tag-person-donald-trump","21":"tag-rubriker","22":"tag-se","23":"tag-sections-varlden","24":"tag-svenska","25":"tag-sverige","26":"tag-sweden","27":"tag-swedish","28":"tag-top-stories","29":"tag-topic-amerikansk-politik","30":"tag-topstories"},"share_on_mastodon":{"url":"https:\/\/pubeurope.com\/@se\/115823821643807097","error":""},"_links":{"self":[{"href":"https:\/\/www.europesays.com\/se\/wp-json\/wp\/v2\/posts\/123121","targetHints":{"allow":["GET"]}}],"collection":[{"href":"https:\/\/www.europesays.com\/se\/wp-json\/wp\/v2\/posts"}],"about":[{"href":"https:\/\/www.europesays.com\/se\/wp-json\/wp\/v2\/types\/post"}],"author":[{"embeddable":true,"href":"https:\/\/www.europesays.com\/se\/wp-json\/wp\/v2\/users\/2"}],"replies":[{"embeddable":true,"href":"https:\/\/www.europesays.com\/se\/wp-json\/wp\/v2\/comments?post=123121"}],"version-history":[{"count":0,"href":"https:\/\/www.europesays.com\/se\/wp-json\/wp\/v2\/posts\/123121\/revisions"}],"wp:featuredmedia":[{"embeddable":true,"href":"https:\/\/www.europesays.com\/se\/wp-json\/wp\/v2\/media\/123122"}],"wp:attachment":[{"href":"https:\/\/www.europesays.com\/se\/wp-json\/wp\/v2\/media?parent=123121"}],"wp:term":[{"taxonomy":"category","embeddable":true,"href":"https:\/\/www.europesays.com\/se\/wp-json\/wp\/v2\/categories?post=123121"},{"taxonomy":"post_tag","embeddable":true,"href":"https:\/\/www.europesays.com\/se\/wp-json\/wp\/v2\/tags?post=123121"}],"curies":[{"name":"wp","href":"https:\/\/api.w.org\/{rel}","templated":true}]}}