{"id":123125,"date":"2026-01-02T05:27:25","date_gmt":"2026-01-02T05:27:25","guid":{"rendered":"https:\/\/www.europesays.com\/se\/123125\/"},"modified":"2026-01-02T05:27:25","modified_gmt":"2026-01-02T05:27:25","slug":"interna-larm-om-hundratals-stadmissar-pa-sjukhus","status":"publish","type":"post","link":"https:\/\/www.europesays.com\/se\/123125\/","title":{"rendered":"Interna larm om hundratals st\u00e4dmissar p\u00e5 sjukhus"},"content":{"rendered":"<p>Sveriges Radio Ekot har kartlagt ett hundratal st\u00e4dmissar p\u00e5 landets sjukhus som riskerat att leda till, eller kan ha orsakat, smittspridning. I ett fall ska en lokalv\u00e5rdare ha smittst\u00e4dat fel rum. I ett annat hade st\u00e4dning best\u00e4llts efter en MRSA-smitta, utan att n\u00e5gon d\u00f6k upp.<\/p>\n<p>Runt om i regionerna uttrycker v\u00e5rdpersonal oro f\u00f6r \u00f6kad smittspridning, kopplat till neddragningar och brister i st\u00e4dningen. Oron finns bland annat p\u00e5 akutmottagningen i Region V\u00e4rmland.<\/p>\n<p>\u2013 Det \u00e4r v\u00e5rdutrymmen d\u00e4r vi har varit inne hos patienter d\u00e4r det kan ha varit blod p\u00e5 golvet, och sedan g\u00e5r vi med v\u00e5ra skor in p\u00e5 expeditionerna som bara st\u00e4das varannan vecka, s\u00e4ger sjuksk\u00f6terskan Annelie, som oroas \u00f6ver smittspridningen.<\/p>\n<p>Enligt Madeleine Lind, ordf\u00f6rande f\u00f6r n\u00e4tverket f\u00f6r lokalv\u00e5rd inom regionerna, arbetar alla regioner h\u00e5rt f\u00f6r att f\u00f6lja de regelverk som finns f\u00f6r st\u00e4dning. Samtidigt kan f\u00f6ruts\u00e4ttningarna skilja sig \u00e5t beroende p\u00e5 ekonomi och politiska beslut i regionerna.<\/p>\n<p>Omni \u00e4r politiskt obundna och oberoende. Vi str\u00e4var efter att ge fler perspektiv p\u00e5 nyheterna. Har du fr\u00e5gor eller synpunkter kring v\u00e5r rapportering? <a href=\"https:\/\/omni.se\/interna-larm-om-hundratals-stadmissar-pa-sjukhus\/a\/mailto:redaktion@omni.se\" class=\"ArticleActions_contactLink__W2F1M\" rel=\"nofollow noopener\" target=\"_blank\">Kontakta redaktionen<\/a><\/p>\n","protected":false},"excerpt":{"rendered":"Sveriges Radio Ekot har kartlagt ett hundratal st\u00e4dmissar p\u00e5 landets sjukhus som riskerat att leda till, eller kan&hellip;\n","protected":false},"author":2,"featured_media":123126,"comment_status":"","ping_status":"","sticky":false,"template":"","format":"standard","meta":{"footnotes":""},"categories":[12],"tags":[4679,22,23,26,27,17,21,24,25,28,29,15,16,18,34,2298,31,33,32,30,19,20,330,2480],"class_list":{"0":"post-123125","1":"post","2":"type-post","3":"status-publish","4":"format-standard","5":"has-post-thumbnail","7":"category-sverige","8":"tag-arbetsmiljo","9":"tag-breaking-news","10":"tag-breakingnews","11":"tag-featured-news","12":"tag-featurednews","13":"tag-headlines","14":"tag-huvudnyheter","15":"tag-latest-news","16":"tag-latestnews","17":"tag-main-news","18":"tag-mainnews","19":"tag-news","20":"tag-nyheter","21":"tag-rubriker","22":"tag-se","23":"tag-sjukvard","24":"tag-svenska","25":"tag-sverige","26":"tag-sweden","27":"tag-swedish","28":"tag-top-stories","29":"tag-topstories","30":"tag-vard-omsorg","31":"tag-varmlands-lan"},"share_on_mastodon":{"url":"https:\/\/pubeurope.com\/@se\/115823853341099829","error":""},"_links":{"self":[{"href":"https:\/\/www.europesays.com\/se\/wp-json\/wp\/v2\/posts\/123125","targetHints":{"allow":["GET"]}}],"collection":[{"href":"https:\/\/www.europesays.com\/se\/wp-json\/wp\/v2\/posts"}],"about":[{"href":"https:\/\/www.europesays.com\/se\/wp-json\/wp\/v2\/types\/post"}],"author":[{"embeddable":true,"href":"https:\/\/www.europesays.com\/se\/wp-json\/wp\/v2\/users\/2"}],"replies":[{"embeddable":true,"href":"https:\/\/www.europesays.com\/se\/wp-json\/wp\/v2\/comments?post=123125"}],"version-history":[{"count":0,"href":"https:\/\/www.europesays.com\/se\/wp-json\/wp\/v2\/posts\/123125\/revisions"}],"wp:featuredmedia":[{"embeddable":true,"href":"https:\/\/www.europesays.com\/se\/wp-json\/wp\/v2\/media\/123126"}],"wp:attachment":[{"href":"https:\/\/www.europesays.com\/se\/wp-json\/wp\/v2\/media?parent=123125"}],"wp:term":[{"taxonomy":"category","embeddable":true,"href":"https:\/\/www.europesays.com\/se\/wp-json\/wp\/v2\/categories?post=123125"},{"taxonomy":"post_tag","embeddable":true,"href":"https:\/\/www.europesays.com\/se\/wp-json\/wp\/v2\/tags?post=123125"}],"curies":[{"name":"wp","href":"https:\/\/api.w.org\/{rel}","templated":true}]}}