{"id":12313,"date":"2025-08-24T07:57:06","date_gmt":"2025-08-24T07:57:06","guid":{"rendered":"https:\/\/www.europesays.com\/se\/12313\/"},"modified":"2025-08-24T07:57:06","modified_gmt":"2025-08-24T07:57:06","slug":"officiellt-isaac-kiese-thelin-klar-for-urawa-red-diamonds-fotboll","status":"publish","type":"post","link":"https:\/\/www.europesays.com\/se\/12313\/","title":{"rendered":"Officiellt: Isaac Kiese Thelin klar f\u00f6r Urawa Red Diamonds | Fotboll"},"content":{"rendered":"<p>Publicerad 24 aug 2025 kl 09.36<\/p>\n<p>Isaac Kiese Thelin byter Malm\u00f6 mot Japan.<\/p>\n<p>33-\u00e5ringen har presenterats av Urawa Red Diamonds.<\/p>\n<p>\u2013 Jag \u00e4r mycket glad, s\u00e4ger han.<\/p>\n<p>Kiese Thelin l\u00e4mnar Malm\u00f6<img loading=\"lazy\"   alt=\"\"\/><\/p>\n<p>33-\u00e5rige Isaac Kiese Thelin \u00e4r klar f\u00f6r japanska klubben Urawa Red Diamonds..<\/p>\n<p>Foto: CHRISTIAN \u00d6RNBERG \/ BILDBYR\u00c5N<\/p>\n<p>\u00d6ppna bild i helsk\u00e4rm<img loading=\"lazy\"   alt=\"\"\/><\/p>\n<p>.. efter sex s\u00e4songer i Malm\u00f6 FF.<\/p>\n<p>Foto: NISSE NILSSON \/ STELLA PICTURES\/NISSE NILSSON NISSE NILSSON<\/p>\n<p>\u00d6ppna bild i helsk\u00e4rm<\/p>\n<p>F\u00f6rra helgen kunde Expressen avsl\u00f6ja att <a href=\"https:\/\/www.expressen.se\/tagg\/person\/isaac-kiese-thelin\/\" class=\"\" rel=\"nofollow noopener\" target=\"_blank\">Isaac Kiese Thelin<\/a> l\u00e5g i f\u00f6rhandlingar med Urawa Red Diamonds.<\/p>\n<p>Och under s\u00f6ndagsmorgonen blev det officiellt att 33-\u00e5ringen gjort klart med den japanska klubben.<\/p>\n<p>\u2013 Jag \u00e4r mycket glad \u00f6ver att f\u00e5 spela f\u00f6r Urawa Reds, en av Japans ledande klubbar. Jag har haft turen att f\u00e5 spela inf\u00f6r fantastiska fans och supportrar tidigare, men jag \u00e4r mycket glad \u00f6ver att nu f\u00e5 spela inf\u00f6r Urawa Reds passionerade fans, s\u00e4ger svensken till klubbens hemsida.<\/p>\n<p>Den tidigare Malm\u00f6 FF-strikern har fortfarande en l\u00e4karunders\u00f6kning att genomg\u00e5 innan han kan skriva p\u00e5 sitt kontrakt.<\/p>\n<p>Urawa Red Diamonds ligger just nu sjua i den japanska h\u00f6gstaligan. I klubben spelar sedan tidigare den svenske mittf\u00e4ltaren Samuel Gustafsson.<\/p>\n<p>Br\u00f6t med Malm\u00f6<\/p>\n<p>Den var den sista juli som det presenterades att Kiese Thelin hade brutit sitt kontrakt med Malm\u00f6, i samf\u00f6rst\u00e5nd med klubben.<\/p>\n<p>\u2013 I min v\u00e4rld s\u00e5 har jag aldrig varit b\u00e4ttre \u00e4n nu men samtidigt s\u00e5 kommer nya unga hungriga spelare fram och de m\u00e5ste ocks\u00e5 f\u00e5 utrymme att spela och utvecklas. S\u00e5 jag k\u00e4nner att min resa i Malm\u00f6 tar slut nu. Malm\u00f6 har blivit hemma och laget i mitt hj\u00e4rta, nu ska jag f\u00f6lja laget som en supporter, sa han d\u00e5.<\/p>\n<p>P\u00e5 sex s\u00e4songer i MFF svarade Kiese Thelin f\u00f6r 91 m\u00e5l p\u00e5 206 matcher, vilket bidrog till fyra SM-guld och tv\u00e5 cupguld.\u00a0<\/p>\n<p>P\u00e5 meritlistan har han \u00e4ven fem m\u00e5l p\u00e5 33 landskamper f\u00f6r Sverige.<\/p>\n","protected":false},"excerpt":{"rendered":"Publicerad 24 aug 2025 kl 09.36 Isaac Kiese Thelin byter Malm\u00f6 mot Japan. 33-\u00e5ringen har presenterats av Urawa&hellip;\n","protected":false},"author":2,"featured_media":12314,"comment_status":"","ping_status":"","sticky":false,"template":"","format":"standard","meta":{"footnotes":""},"categories":[68],"tags":[1032,34,129,111,110,31,33,32,30],"class_list":{"0":"post-12313","1":"post","2":"type-post","3":"status-publish","4":"format-standard","5":"has-post-thumbnail","7":"category-sport","8":"tag-person-isaac-kiese-thelin","9":"tag-se","10":"tag-sections-fotboll","11":"tag-sport","12":"tag-sports","13":"tag-svenska","14":"tag-sverige","15":"tag-sweden","16":"tag-swedish"},"share_on_mastodon":{"url":"","error":""},"_links":{"self":[{"href":"https:\/\/www.europesays.com\/se\/wp-json\/wp\/v2\/posts\/12313","targetHints":{"allow":["GET"]}}],"collection":[{"href":"https:\/\/www.europesays.com\/se\/wp-json\/wp\/v2\/posts"}],"about":[{"href":"https:\/\/www.europesays.com\/se\/wp-json\/wp\/v2\/types\/post"}],"author":[{"embeddable":true,"href":"https:\/\/www.europesays.com\/se\/wp-json\/wp\/v2\/users\/2"}],"replies":[{"embeddable":true,"href":"https:\/\/www.europesays.com\/se\/wp-json\/wp\/v2\/comments?post=12313"}],"version-history":[{"count":0,"href":"https:\/\/www.europesays.com\/se\/wp-json\/wp\/v2\/posts\/12313\/revisions"}],"wp:featuredmedia":[{"embeddable":true,"href":"https:\/\/www.europesays.com\/se\/wp-json\/wp\/v2\/media\/12314"}],"wp:attachment":[{"href":"https:\/\/www.europesays.com\/se\/wp-json\/wp\/v2\/media?parent=12313"}],"wp:term":[{"taxonomy":"category","embeddable":true,"href":"https:\/\/www.europesays.com\/se\/wp-json\/wp\/v2\/categories?post=12313"},{"taxonomy":"post_tag","embeddable":true,"href":"https:\/\/www.europesays.com\/se\/wp-json\/wp\/v2\/tags?post=12313"}],"curies":[{"name":"wp","href":"https:\/\/api.w.org\/{rel}","templated":true}]}}