{"id":123139,"date":"2026-01-02T05:47:07","date_gmt":"2026-01-02T05:47:07","guid":{"rendered":"https:\/\/www.europesays.com\/se\/123139\/"},"modified":"2026-01-02T05:47:07","modified_gmt":"2026-01-02T05:47:07","slug":"uppgorelsen-bakom-dolly-partons-hemliga-aktenskap","status":"publish","type":"post","link":"https:\/\/www.europesays.com\/se\/123139\/","title":{"rendered":"Uppg\u00f6relsen bakom Dolly Partons hemliga \u00e4ktenskap"},"content":{"rendered":"<p>Publicerad 2 jan 2026 kl 06.30<\/p>\n<p>I fjol f\u00f6rlorade Dolly Parton sin livskamrat sedan 60 \u00e5r, Carl Dean.<\/p>\n<p>I v\u00e4rldsstj\u00e4rnans biografi avsl\u00f6jas nu parets hemliga uppg\u00f6relse \u2013 och krav.<\/p>\n<p>Dean beh\u00f6vde aldrig g\u00e5 p\u00e5 en filmpremi\u00e4r eller prisutdelning \u2013 artistens motkrav.<\/p>\n<p><img   alt=\"\"\/><\/p>\n<p>Dolly Parton.<\/p>\n<p>Foto: RICHARD SHOTWELL \/ AP TT NYHETSBYR\u00c5N<\/p>\n<p>\u00d6ppna bild i helsk\u00e4rm<img loading=\"lazy\"   alt=\"\"\/><\/p>\n<p>Dolly Parton ihop med maken Carl Dean som dog i fjol.<\/p>\n<p>Foto: BACKGRID\/IBL<\/p>\n<p>\u00d6ppna bild i helsk\u00e4rm<\/p>\n<p><a href=\"https:\/\/www.expressen.se\/tagg\/person\/dolly-parton\/\" class=\"\" rel=\"nofollow noopener\" target=\"_blank\">Dolly Parton<\/a>, 79, ligger bakom n\u00e5gra av v\u00e4rldens mest k\u00e4nda l\u00e5tar som \u201dJolene\u201d, \u201dWorking 9 to 5\u201d och \u201dI will always love you\u201d som blev en stor hit med Whitney Houston.<\/p>\n<p>I mars f\u00f6rra \u00e5ret f\u00f6rlorade Parton sin livskamrat sedan 60 \u00e5r tillbaka.<\/p>\n<p>Carl Dean avled 82 \u00e5r gammal.<\/p>\n<p>I slutet av december sl\u00e4pptes Dolly Partons sj\u00e4lvbiografi \u201dAin&#8217;t Nobody&#8217;s Fool: The Life and Times of Dolly Parton\u201d.<\/p>\n<p>I den avsl\u00f6jar f\u00f6rfattaren Martha Ackmann parets hemliga uppg\u00f6relse \u2013 och kraven p\u00e5 varandra.<\/p>\n<p>Parets krav p\u00e5 varandra<\/p>\n<p>Deans villkor var att han aldrig beh\u00f6vde g\u00e5 p\u00e5 Partons filmpremi\u00e4rer eller prisutdelningar eftersom han inte gillade rampljuset.<\/p>\n<p>Dolly, som satsade h\u00e5rt p\u00e5 karri\u00e4ren, beh\u00f6vde d\u00e5 inte laga mat och st\u00e4da hemma.<\/p>\n<p>Maken var enligt Ackmann villig att g\u00f6ra hush\u00e5llsarbetet och kunde b\u00e5de laga mat och sy.<\/p>\n<p>\u201dIrriterande och p\u00e5tr\u00e4ngande\u201d<\/p>\n<p>\u00c4ven om Dean ibland k\u00f6rde artisten till framtr\u00e4danden skriver f\u00f6rfattaren att maken inte hade modet f\u00f6r glitter, glamour och smoking. \u201dUppm\u00e4rksamheten var irriterande och p\u00e5tr\u00e4ngande n\u00e4r allt han ville ha var ett privatliv\u201d, st\u00e5r det i boken.<\/p>\n<p>Musikproducenten Fred Foster, som \u00e4ven var v\u00e4n med Dolly, har enligt biografin sagt:<\/p>\n<p>\u2013 Deras \u00e4ktenskap kan verka konstigt f\u00f6r m\u00e5nga m\u00e4nniskor, men de verkade komma \u00f6verens med sin stil.<\/p>\n","protected":false},"excerpt":{"rendered":"Publicerad 2 jan 2026 kl 06.30 I fjol f\u00f6rlorade Dolly Parton sin livskamrat sedan 60 \u00e5r, Carl Dean.&hellip;\n","protected":false},"author":2,"featured_media":123140,"comment_status":"","ping_status":"","sticky":false,"template":"","format":"standard","meta":{"footnotes":""},"categories":[67],"tags":[104,4983,34,31,33,32,30,402,105],"class_list":{"0":"post-123139","1":"post","2":"type-post","3":"status-publish","4":"format-standard","5":"has-post-thumbnail","7":"category-underhallning","8":"tag-entertainment","9":"tag-person-dolly-parton","10":"tag-se","11":"tag-svenska","12":"tag-sverige","13":"tag-sweden","14":"tag-swedish","15":"tag-topic-artister","16":"tag-underhallning"},"share_on_mastodon":{"url":"https:\/\/pubeurope.com\/@se\/115823931777750209","error":""},"_links":{"self":[{"href":"https:\/\/www.europesays.com\/se\/wp-json\/wp\/v2\/posts\/123139","targetHints":{"allow":["GET"]}}],"collection":[{"href":"https:\/\/www.europesays.com\/se\/wp-json\/wp\/v2\/posts"}],"about":[{"href":"https:\/\/www.europesays.com\/se\/wp-json\/wp\/v2\/types\/post"}],"author":[{"embeddable":true,"href":"https:\/\/www.europesays.com\/se\/wp-json\/wp\/v2\/users\/2"}],"replies":[{"embeddable":true,"href":"https:\/\/www.europesays.com\/se\/wp-json\/wp\/v2\/comments?post=123139"}],"version-history":[{"count":0,"href":"https:\/\/www.europesays.com\/se\/wp-json\/wp\/v2\/posts\/123139\/revisions"}],"wp:featuredmedia":[{"embeddable":true,"href":"https:\/\/www.europesays.com\/se\/wp-json\/wp\/v2\/media\/123140"}],"wp:attachment":[{"href":"https:\/\/www.europesays.com\/se\/wp-json\/wp\/v2\/media?parent=123139"}],"wp:term":[{"taxonomy":"category","embeddable":true,"href":"https:\/\/www.europesays.com\/se\/wp-json\/wp\/v2\/categories?post=123139"},{"taxonomy":"post_tag","embeddable":true,"href":"https:\/\/www.europesays.com\/se\/wp-json\/wp\/v2\/tags?post=123139"}],"curies":[{"name":"wp","href":"https:\/\/api.w.org\/{rel}","templated":true}]}}