{"id":12315,"date":"2025-08-24T08:01:07","date_gmt":"2025-08-24T08:01:07","guid":{"rendered":"https:\/\/www.europesays.com\/se\/12315\/"},"modified":"2025-08-24T08:01:07","modified_gmt":"2025-08-24T08:01:07","slug":"stubb-viral-i-ryssland-tror-finland-vill-losa-tvisten-mellan-landerna","status":"publish","type":"post","link":"https:\/\/www.europesays.com\/se\/12315\/","title":{"rendered":"Stubb viral i Ryssland \u2013 tror Finland &#8221;vill l\u00f6sa tvisten mellan l\u00e4nderna&#8221;"},"content":{"rendered":"<p>En kommentar fr\u00e5n Finlands president Alexander Stubb f\u00e5r stor spridning i Ryssland, rapporterar NRK. <\/p>\n<p>I g\u00e5r sa presidenten att relationen mellan Finland och Ryssland \u201dkan inledas n\u00e4r kriget \u00e4r \u00f6ver\u201d. Det har skapat rubriker och tolkas nu som att Stubb vill v\u00e4rma upp relationen med Ryssland, vissa ryska medier skriver till och med att Stubb \u201dvill l\u00f6sa tvisten mellan l\u00e4nderna\u201d.<\/p>\n<p>\u2013 Vi har en historia med Ryssland, och vi kommer att ha en framtid med Ryssland, sa Stubb i Yles program Ykk\u00f6saamu.<\/p>\n<p>Till exempel ryska kanalen RT, som \u00e4r k\u00e4nd som Kremls propagandakanal, skriver att det historiskt \u00e4r \u201dextremt s\u00e4llsynt\u201d att Finland och Ryssland inte har n\u00e5gra diplomatiska relationer. <\/p>\n<p>Omni \u00e4r politiskt obundna och oberoende. Vi str\u00e4var efter att ge fler perspektiv p\u00e5 nyheterna. Har du fr\u00e5gor eller synpunkter kring v\u00e5r rapportering? <a href=\"https:\/\/omni.se\/stubb-viral-i-ryssland-tror-finland-vill-losa-tvisten-mellan-landerna\/a\/mailto:redaktion@omni.se\" class=\"ArticleActions_contactLink__W2F1M\" rel=\"nofollow noopener\" target=\"_blank\">Kontakta redaktionen<\/a><\/p>\n","protected":false},"excerpt":{"rendered":"En kommentar fr\u00e5n Finlands president Alexander Stubb f\u00e5r stor spridning i Ryssland, rapporterar NRK. I g\u00e5r sa presidenten&hellip;\n","protected":false},"author":2,"featured_media":12316,"comment_status":"","ping_status":"","sticky":false,"template":"","format":"standard","meta":{"footnotes":""},"categories":[14],"tags":[1693,22,23,267,26,27,684,17,21,24,25,28,29,15,16,18,269,264,34,31,33,32,30,19,20,51,52,53,54],"class_list":{"0":"post-12315","1":"post","2":"type-post","3":"status-publish","4":"format-standard","5":"has-post-thumbnail","7":"category-varlden","8":"tag-alexander-stubb","9":"tag-breaking-news","10":"tag-breakingnews","11":"tag-europa","12":"tag-featured-news","13":"tag-featurednews","14":"tag-finland","15":"tag-headlines","16":"tag-huvudnyheter","17":"tag-latest-news","18":"tag-latestnews","19":"tag-main-news","20":"tag-mainnews","21":"tag-news","22":"tag-nyheter","23":"tag-rubriker","24":"tag-ryska-invasionen","25":"tag-ryssland","26":"tag-se","27":"tag-svenska","28":"tag-sverige","29":"tag-sweden","30":"tag-swedish","31":"tag-top-stories","32":"tag-topstories","33":"tag-varlden","34":"tag-world","35":"tag-world-news","36":"tag-worldnews"},"share_on_mastodon":{"url":"","error":""},"_links":{"self":[{"href":"https:\/\/www.europesays.com\/se\/wp-json\/wp\/v2\/posts\/12315","targetHints":{"allow":["GET"]}}],"collection":[{"href":"https:\/\/www.europesays.com\/se\/wp-json\/wp\/v2\/posts"}],"about":[{"href":"https:\/\/www.europesays.com\/se\/wp-json\/wp\/v2\/types\/post"}],"author":[{"embeddable":true,"href":"https:\/\/www.europesays.com\/se\/wp-json\/wp\/v2\/users\/2"}],"replies":[{"embeddable":true,"href":"https:\/\/www.europesays.com\/se\/wp-json\/wp\/v2\/comments?post=12315"}],"version-history":[{"count":0,"href":"https:\/\/www.europesays.com\/se\/wp-json\/wp\/v2\/posts\/12315\/revisions"}],"wp:featuredmedia":[{"embeddable":true,"href":"https:\/\/www.europesays.com\/se\/wp-json\/wp\/v2\/media\/12316"}],"wp:attachment":[{"href":"https:\/\/www.europesays.com\/se\/wp-json\/wp\/v2\/media?parent=12315"}],"wp:term":[{"taxonomy":"category","embeddable":true,"href":"https:\/\/www.europesays.com\/se\/wp-json\/wp\/v2\/categories?post=12315"},{"taxonomy":"post_tag","embeddable":true,"href":"https:\/\/www.europesays.com\/se\/wp-json\/wp\/v2\/tags?post=12315"}],"curies":[{"name":"wp","href":"https:\/\/api.w.org\/{rel}","templated":true}]}}