{"id":123155,"date":"2026-01-02T06:05:06","date_gmt":"2026-01-02T06:05:06","guid":{"rendered":"https:\/\/www.europesays.com\/se\/123155\/"},"modified":"2026-01-02T06:05:06","modified_gmt":"2026-01-02T06:05:06","slug":"insandare-kritik-mot-ellevios-berakning-av-effektavgifter","status":"publish","type":"post","link":"https:\/\/www.europesays.com\/se\/123155\/","title":{"rendered":"Ins\u00e4ndare: Kritik mot Ellevios ber\u00e4kning av effektavgifter"},"content":{"rendered":"<p class=\"break-words mb-4 mx-auto max-w-xl\">Effektavgifter finns sedan cirka ett \u00e5r i en stor del av NWT:s spridningsomr\u00e5de. KEAB har haft dem i flera \u00e5r, Kristinehamns Energi och Karlskoga Energi n\u00e4stan lika l\u00e4nge. Ellevio sedan senaste \u00e5rsskiftet. \u00c4nnu en sak att h\u00e5lla reda p\u00e5.<\/p>\n<p class=\"break-words mb-4 mx-auto max-w-xl\">Tyv\u00e4rr har det visat sig att Ellevio inte lyckats f\u00f6lja ens sina egna prislistor och ber\u00e4knat effektavgiften felaktigt. D\u00e4rf\u00f6r kan det vara en god id\u00e9 att kolla fakturan fr\u00e5n Ellevio, sidan tre d\u00e4r utr\u00e4kningarna finns. Effekt mellan 22.00 och 06.00 ska ber\u00e4knas till h\u00e4lften. Ellevio skulle korrigera felet p\u00e5 decemberfakturan. Det gjorde de inte utan har \u00f6verdebiterat \u00e4nnu en g\u00e5ng. S\u00e5 h\u00e5ll koll.<\/p>\n<p class=\"break-words mb-4 mx-auto max-w-xl\">Ellevio har f\u00e5tt kritik f\u00f6r sitt s\u00e4tt att ber\u00e4kna effektavgifter vid flera tillf\u00e4llen, \u00e4ven i NWT. S\u00e4rskilt deras s\u00e4tt att r\u00e4kna full avgift \u00e4ven helgdagar och under sommaren. Ellevio p\u00e5st\u00e5r att av de fem h\u00f6gsta topparna skulle tv\u00e5 ha intr\u00e4ffat under helgdagar. En kvalificerad gissning \u00e4r att det \u00e4r jul- och ny\u00e5rsafton. Tv\u00e5 exceptionella dagar p\u00e5 \u00e5ret. Att lasten skulle vara densamma under en helgdag och sommardag som en vardagsmorgon under vintern \u00e4r inget annat \u00e4n ren rappakalja fr\u00e5n n\u00e4tj\u00e4ttens sida. Samtidigt ger en j\u00e4mf\u00f6relse med KEAB, KEMAB och KEAB en annorlunda bild. D\u00e4r tas en h\u00f6gre effektavgift ut till klockan 17.00\/18.00 och endast under vintern och vardagar. Helgdagar, som julafton, som infaller p\u00e5 en vardag r\u00e4knas som helg. Men inte hos Ellevio.<\/p>\n<p>Fredrik E<\/p>\n","protected":false},"excerpt":{"rendered":"Effektavgifter finns sedan cirka ett \u00e5r i en stor del av NWT:s spridningsomr\u00e5de. KEAB har haft dem i&hellip;\n","protected":false},"author":2,"featured_media":123156,"comment_status":"","ping_status":"","sticky":false,"template":"","format":"standard","meta":{"footnotes":""},"categories":[65],"tags":[72,70,71,34,31,33,32,30],"class_list":{"0":"post-123155","1":"post","2":"type-post","3":"status-publish","4":"format-standard","5":"has-post-thumbnail","7":"category-ekonomi","8":"tag-business","9":"tag-economy","10":"tag-ekonomi","11":"tag-se","12":"tag-svenska","13":"tag-sverige","14":"tag-sweden","15":"tag-swedish"},"share_on_mastodon":{"url":"https:\/\/pubeurope.com\/@se\/115824002629218958","error":""},"_links":{"self":[{"href":"https:\/\/www.europesays.com\/se\/wp-json\/wp\/v2\/posts\/123155","targetHints":{"allow":["GET"]}}],"collection":[{"href":"https:\/\/www.europesays.com\/se\/wp-json\/wp\/v2\/posts"}],"about":[{"href":"https:\/\/www.europesays.com\/se\/wp-json\/wp\/v2\/types\/post"}],"author":[{"embeddable":true,"href":"https:\/\/www.europesays.com\/se\/wp-json\/wp\/v2\/users\/2"}],"replies":[{"embeddable":true,"href":"https:\/\/www.europesays.com\/se\/wp-json\/wp\/v2\/comments?post=123155"}],"version-history":[{"count":0,"href":"https:\/\/www.europesays.com\/se\/wp-json\/wp\/v2\/posts\/123155\/revisions"}],"wp:featuredmedia":[{"embeddable":true,"href":"https:\/\/www.europesays.com\/se\/wp-json\/wp\/v2\/media\/123156"}],"wp:attachment":[{"href":"https:\/\/www.europesays.com\/se\/wp-json\/wp\/v2\/media?parent=123155"}],"wp:term":[{"taxonomy":"category","embeddable":true,"href":"https:\/\/www.europesays.com\/se\/wp-json\/wp\/v2\/categories?post=123155"},{"taxonomy":"post_tag","embeddable":true,"href":"https:\/\/www.europesays.com\/se\/wp-json\/wp\/v2\/tags?post=123155"}],"curies":[{"name":"wp","href":"https:\/\/api.w.org\/{rel}","templated":true}]}}