{"id":123157,"date":"2026-01-02T06:06:10","date_gmt":"2026-01-02T06:06:10","guid":{"rendered":"https:\/\/www.europesays.com\/se\/123157\/"},"modified":"2026-01-02T06:06:10","modified_gmt":"2026-01-02T06:06:10","slug":"jag-hoppades-pa-att-bli-sarad-eller-tagen-som-krigsfange","status":"publish","type":"post","link":"https:\/\/www.europesays.com\/se\/123157\/","title":{"rendered":"\u201dJag hoppades p\u00e5 att bli s\u00e5rad eller tagen som krigsf\u00e5nge\u201d"},"content":{"rendered":"<p>Artur, 32, l\u00e4ngtar hem till Burjatien. \u00c4nd\u00e5 skattar han sig lycklig \u00f6ver att sitta i ett ukrainskt f\u00e5ngl\u00e4ger.<\/p>\n<p>\u2013 Att kunna g\u00e5 p\u00e5 toaletten utan att vara r\u00e4dd f\u00f6r dr\u00f6nare. Det var det st\u00f6rsta problemet vid nollinjen. Livsfarligt att skita.<\/p>\n<p>Han tittar litet urs\u00e4ktande p\u00e5 mig.<\/p>\n<p>\u2013 F\u00f6rst\u00e5r ni hur sk\u00f6nt det \u00e4r att kunna sitta p\u00e5 toaletten utan att v\u00e4nta p\u00e5 att bli d\u00f6dad?<\/p>\n<p>Egentligen borde Artur inte sitta h\u00e4r framf\u00f6r mig i ett slitet m\u00f6tesrum. Ur hans ryska regemente p\u00e5 4\u00a0000 personer \u00e4r mellan 100 och 150 kvar i livet. Resten har antingen f\u00f6rts hem i zinkkistor, eller ligger och f\u00f6rmultnar n\u00e5gonstans utanf\u00f6r Bachmut, Soledar, Tjasyv Jar.<\/p>\n<p>          <img decoding=\"async\" class=\"picture__img\" src=\"https:\/\/www.europesays.com\/se\/wp-content\/uploads\/2026\/01\/a49f13f3-6b65-43ea-8c7d-8edbbcdd25fe.jpeg\"   alt=\"Varje dag passerar de ryska krigsf\u00e5ngarna en korridor med plakat om ukrainska statsm\u00e4n, historiska personer, f\u00f6rfattare och idrottare. Det \u00e4r ett s\u00e4tt att upplysa dem om att Ukraina existerar som land, i motsats till vad Putin s\u00e4ger. Texterna \u00e4r dock p\u00e5 ukrainska, ett spr\u00e5k som de flesta ryska krigsf\u00e5ngar inte f\u00f6rst\u00e5r.\"\/><\/p>\n<p>      Varje dag passerar de ryska krigsf\u00e5ngarna en korridor med plakat om ukrainska statsm\u00e4n, historiska personer, f\u00f6rfattare och idrottare. Det \u00e4r ett s\u00e4tt att upplysa dem om att Ukraina existerar som land, i motsats till vad Putin s\u00e4ger. Texterna \u00e4r dock p\u00e5 ukrainska, ett spr\u00e5k som de flesta ryska krigsf\u00e5ngar inte f\u00f6rst\u00e5r.<\/p>\n<p>      Foto: Daniel Costantini<\/p>\n<p><strong>D\u00f6dligheten<\/strong> bland ryska trupper \u00e4r skyh\u00f6g. Ryssland har aldrig avsl\u00f6jat sina f\u00f6rlustsiffror, men de r\u00e4knas i hundratusental. P\u00e5 basis av \u00f6ppna k\u00e4llor har <a href=\"https:\/\/www.bbc.com\/russian\/articles\/c8e9w821r8do\" rel=\"nofollow noopener\" target=\"_blank\">ryska BBC<\/a> samlat ihop namnlista p\u00e5 152 142 stupade ryska soldater.<\/p>\n<p>Den h\u00f6ga d\u00f6dligheten beror i h\u00f6g grad p\u00e5 hur soldaterna blir behandlade. Artur mobiliserades 2022, transporterades till fronten och blev skickad som kanonmat till fr\u00e4msta linjen.<\/p>\n<p>\u2013 Det gick inte att v\u00e4nda tillbaka. Den som f\u00f6rs\u00f6kte blev skjuten, bef\u00e4let hade placerat ut skyttar. Inte ens tv\u00e5hundringar eller trehundringar fick f\u00f6ras bort.<\/p>\n<p>Tv\u00e5hundringar p\u00e5 krigsslang betyder en d\u00f6d soldat. Trehundring betyder s\u00e5rad.<\/p>\n<p><strong>Dagarna i f\u00e5ngl\u00e4gret<\/strong> utanf\u00f6r Lviv \u00e4r inrutade. Klockan sex p\u00e5 morgonen: V\u00e4ckning. Kvart \u00f6ver sex: Kontroll. Tio i sju: Frukost. Tio i \u00e5tta: Morgonskiftet b\u00f6rjar.<\/p>\n<p>En g\u00e5ng i m\u00e5naden: Journalistbes\u00f6k. Ukraina l\u00e5ter journalister tr\u00e4ffa ryska krigsf\u00e5ngar enligt ett utarbetat koncept. Medierna ans\u00f6ker i f\u00f6rv\u00e4g till f\u00f6rsvarsministeriet, som v\u00e4ljer ut vilka som f\u00e5r komma.<\/p>\n<p>\u2013 F\u00f6r oss \u00e4r det viktigt. Vi bevisar f\u00f6r omv\u00e4rlden att vi behandlar v\u00e5ra krigsf\u00e5ngar enligt Gen\u00e8veavtalet, s\u00e4ger journalisten Petro Jatsenko, som leder pressbes\u00f6ket.<\/p>\n<p>          <img decoding=\"async\" class=\"picture__img\" src=\"https:\/\/www.europesays.com\/se\/wp-content\/uploads\/2026\/01\/76ba9835-a024-4dc9-97b9-cdf98a18a097.jpeg\"   alt=\"N\u00e5gra f\u00e5ngar putsar sina skor. Alla har utrustats med nya skor d\u00e5 de har anl\u00e4nt till l\u00e4gret.\"\/><\/p>\n<p>      N\u00e5gra f\u00e5ngar putsar sina skor. Alla har utrustats med nya skor d\u00e5 de har anl\u00e4nt till l\u00e4gret.<\/p>\n<p>      Foto: Daniel Costantini<\/p>\n<p>Enligt Gen\u00e8vekonventionen \u00e4r det f\u00f6rbjudet att publicera information om krigsf\u00e5ngar som kan bli ett problem f\u00f6r dem efter att de har \u00e5terv\u00e4nt hem. Det betyder att deras identitet i de flesta fall b\u00f6r skyddas.<\/p>\n<p>D\u00e4rf\u00f6r visar DN inte f\u00e5ngarnas ansikten eller skriver ut deras riktiga namn.<\/p>\n<p><strong>F\u00e5ngl\u00e4gret<\/strong> utanf\u00f6r Lviv \u00e4r omgivet av murar. Vi sl\u00e4pps in genom flera tumstjocka st\u00e5ld\u00f6rrar och kommer ut p\u00e5 en liten g\u00e5rd med en ortodox kyrka. F\u00e5ngarna har m\u00f6jlighet att bes\u00f6ka den regelbundet.<\/p>\n<p>Genom de muromg\u00e4rdade korridorerna passerar kolonner med ryska f\u00e5ngar, alla kl\u00e4dda i samma bl\u00e5 arbetskl\u00e4der och svarta toppluvor. De g\u00e5r p\u00e5 led, med h\u00e4nderna p\u00e5 ryggen och blicken underd\u00e5nigt riktad mot marken.<\/p>\n<p>En stor del av dem vet fr\u00e5n sina tidigare liv hur man ska bete sig i ett f\u00e4ngelse. N\u00e4stan alla jag tr\u00e4ffar p\u00e5 en rastg\u00e5rd \u00e4r f\u00f6re detta f\u00e4ngelsekunder.<\/p>\n<p>\u2013 Jag hade misshandlat en kille. Skulle ha f\u00e5tt \u00e5tminstone fem\u2013sex \u00e5r p\u00e5 k\u00e5ken, s\u00e4ger Sergej, 30.<\/p>\n<p>\u2013 Jag fick sex \u00e5r f\u00f6r r\u00e5n, s\u00e4ger Roman, 36.<\/p>\n<p><strong>St\u00f6rre delen<\/strong> av f\u00e5ngarna har f\u00e5tt f\u00e4ngelsestraff f\u00f6r olika brott \u2013 narkotika, misshandel, svindleri, r\u00e5n. De har erbjudits m\u00f6jligheten att sona brottet genom att tj\u00e4na ett \u00e5r vid fronten.<\/p>\n<blockquote class=\"ds-quote\">\n<p>    \u201dJag skulle ju f\u00e5 upp till tolv \u00e5r i f\u00e4ngelset. S\u00e5 l\u00e4nge kan inte kriget h\u00e5lla p\u00e5, t\u00e4nkte jag.\u201d\n  <\/p><\/blockquote>\n<p>Igor, 25, greps i en sydrysk stad f\u00f6r narkotikahandel i b\u00f6rjan av januari.<\/p>\n<p>\u2013 Jag skulle f\u00e5 mellan 8 och 12 \u00e5r. D\u00e5 kom en kille fr\u00e5n vojenkomat (mobiliseringskontoret) till f\u00e4ngelset och sade att om jag skriver p\u00e5 ett kontrakt f\u00f6r arm\u00e9n och tj\u00e4nar ett \u00e5r vid fronten s\u00e5 avf\u00f6rs jag ur brottsregistret.<\/p>\n<p>Efter ett avtj\u00e4nat \u00e5r f\u00f6rl\u00e4ngs dock kontraktet automatiskt \u2013 tills kriget \u00e4r slut.<\/p>\n<p>\u2013 Men jag trodde att det l\u00f6nade sig \u00e4nd\u00e5. Jag skulle ju f\u00e5 upp till tolv \u00e5r i f\u00e4ngelset. S\u00e5 l\u00e4nge kan inte kriget h\u00e5lla p\u00e5, t\u00e4nkte jag.<\/p>\n<p>          <img decoding=\"async\" class=\"picture__img\" src=\"https:\/\/www.europesays.com\/se\/wp-content\/uploads\/2026\/01\/dc3bf8a4-ecf9-4fcc-bd97-1826c958fb21.jpeg\"   alt=\"Tv\u00e4tt p\u00e5 tork i l\u00e4gret.\"\/><\/p>\n<p>      Tv\u00e4tt p\u00e5 tork i l\u00e4gret.<\/p>\n<p>      Foto: Daniel Costantini<\/p>\n<p><strong>Ryska f\u00e4ngelser<\/strong> \u00e4r farliga, med h\u00f6g d\u00f6dlighet i tuberkulos och hepatit. Det vet alla ryska kriminella. Fronten d\u00e4remot visste Igor inte s\u00e5 mycket om, s\u00e4ger han.<\/p>\n<p>\u2013 Vi skickades p\u00e5 utbildning i tio dagar. Sedan k\u00f6rdes vi till fronten n\u00e5gonstans vid Luhansk-omr\u00e5det. Vi var en grupp p\u00e5 sex killar som f\u00f6rdes ut p\u00e5 ett f\u00e4lt vid nollinjen.<\/p>\n<p>Uppdrag: Att avancera till fots och sedan gr\u00e4va ner sig i en by sju kilometer bort.<\/p>\n<p>Den avancerande gruppen uppt\u00e4cktes snart av ukrainarna. Dr\u00f6nare b\u00f6rjade surra i luften. M\u00e4nnen f\u00f6rs\u00f6kte g\u00f6mma sig under tr\u00e4d och i gropar.<\/p>\n<p>F\u00f6rg\u00e4ves. De d\u00f6dades med spr\u00e4ngladdningar, en efter en.<\/p>\n<p>\u2013 N\u00e4r vi kom fram till byn var vi tv\u00e5 kvar. D\u00e4r satt vi ensamma i tv\u00e5 veckor. Vi fick mat nedkastad med dr\u00f6nare.<\/p>\n<p><strong>Det \u00e4r s\u00e5<\/strong> kriget ser ut p\u00e5 \u00f6stfronten. Ryssland avancerar genom att g\u00e5ng p\u00e5 g\u00e5ng skicka ut mindre grupper. De ska ta sig fram till fots och sedan gr\u00e4va ner sig.<\/p>\n<p>Ukrainarna d\u00f6dar de flesta. Men ibland \u00f6verlever en eller tv\u00e5 ryska soldater. De gr\u00e4ver ner sig p\u00e5 ett nytt st\u00e4lle. Nya soldater skickas ut. Och s\u00e5 forts\u00e4tter det.<\/p>\n<blockquote class=\"ds-quote\">\n<p>    \u201dJag trodde att de skulle avr\u00e4tta oss. Det var fruktansv\u00e4rt att st\u00e5 d\u00e4r och v\u00e4nta. De funderade l\u00e4nge.\u201d\n  <\/p><\/blockquote>\n<p><strong>Fronten \u00e4r r\u00f6rig<\/strong> och linjerna flyttar sig hela tiden. Efter tv\u00e5 veckor blev Igor och hans kompis tagna med \u00f6verraskning av en grupp ukrainska soldater.<\/p>\n<p>\u2013 De bara v\u00e4llde ner i skyttegravarna och jag hade inte min automatkarbin inom r\u00e4ckh\u00e5ll. Vi gav oss direkt.<\/p>\n<p>Ukrainarna ringde bef\u00e4let och fr\u00e5gade vad de skulle g\u00f6ra med de tv\u00e5 ryssarna.<\/p>\n<p>\u2013 Jag trodde att de skulle avr\u00e4tta oss. Det var fruktansv\u00e4rt att st\u00e5 d\u00e4r och v\u00e4nta. De funderade l\u00e4nge.<\/p>\n<p>Igors kompis f\u00f6rs\u00f6kte fly. Han blev skjuten p\u00e5 fl\u00e4cken.<\/p>\n<p>Men Igor fick leva. Det var inte den enda \u00f6verraskningen f\u00f6r honom. Den andra kom medan han fick g\u00e5 flera kilometer bakbunden till ukrainskkontrollerat omr\u00e5de.<\/p>\n<p>\u2013 De stannade med j\u00e4mna mellanrum och fr\u00e5gade om jag ville dricka vatten eller r\u00f6ka. Jag fick cigg. En vattenflaska.<\/p>\n<p>Och:<\/p>\n<p>\u2013 De slog mig inte.<\/p>\n<p>          <img decoding=\"async\" class=\"picture__img\" src=\"https:\/\/www.europesays.com\/se\/wp-content\/uploads\/2026\/01\/290505c9-4f67-403b-9365-33c306f070f8.jpeg\"   alt=\"Till lunch blir det rassolnik, en soppa p\u00e5 inlagd gurka och k\u00f6tt, samt majsgr\u00f6t, k\u00e5lsallad och br\u00f6d. F\u00e4ngelset har ett bageri d\u00e4r br\u00f6det bakas av f\u00e5ngarna sj\u00e4lva.\"\/><\/p>\n<p>      Till lunch blir det rassolnik, en soppa p\u00e5 inlagd gurka och k\u00f6tt, samt majsgr\u00f6t, k\u00e5lsallad och br\u00f6d. F\u00e4ngelset har ett bageri d\u00e4r br\u00f6det bakas av f\u00e5ngarna sj\u00e4lva.<\/p>\n<p>      Foto: Daniel Costantini<\/p>\n<p><strong>F\u00f6rh\u00e5llandena<\/strong> i f\u00e5ngl\u00e4gret \u00e4r dr\u00e4gliga med tanke p\u00e5 omst\u00e4ndigheterna, s\u00e4ger han.<\/p>\n<p>\u2013 Vi f\u00e5r ta emot paket och brev. Det finns en liten aff\u00e4r, man kan f\u00e5 tag p\u00e5 tobak, te och kaffe. Vi jobbar, jag tillverkar dr\u00f6narn\u00e4t. Det \u00e4r okej, s\u00e4ger Igor.<\/p>\n<p>Ukrainska krigsf\u00e5ngar i Ryssland f\u00e5r varken skriva till sina anh\u00f6riga eller ta emot deras brev och paket. I de flesta fall vet deras anh\u00f6riga inte ens var de finns.<\/p>\n<p><strong>Artur \u00e4r burjat<\/strong>, det vill s\u00e4ga han tillh\u00f6r ett sibiriskt folk. Han \u00e4r ocks\u00e5 den enda krigsf\u00e5nge jag tr\u00e4ffar i l\u00e4gret som inte har suttit i f\u00e4ngelse, utan blivit mobiliserad. Ryska myndigheter \u00e4r k\u00e4nda f\u00f6r att g\u00e4rna mobilisera i provinserna, inte s\u00e4llan bland etniska minoriteter.<\/p>\n<p>Att Artur \u00e4r fr\u00e5n en liten by \u00e4r ocks\u00e5 typiskt. 67 procent av de ryska soldater som har stupat \u00e4r fr\u00e5n orter vars inv\u00e5narantal ligger under 100 000 personer.<\/p>\n<p>\u2013 P\u00e5 rekryteringskontoret sade de att vi skulle utg\u00f6ra fj\u00e4rde linjen i f\u00f6rsvaret. Att vi skulle vakta skolor och daghem. Jag t\u00e4nkte att det klarar jag. Men i sj\u00e4lva verket skulle vi ers\u00e4tta Wagnertrupper utanf\u00f6r Artiomovsk (det sovjetiska namnet p\u00e5 Bachmut i \u00f6stra Ukraina). Det fattade vi f\u00f6rst n\u00e4r vi var d\u00e4r.<\/p>\n<p>          <img decoding=\"async\" class=\"picture__img\" src=\"https:\/\/www.europesays.com\/se\/wp-content\/uploads\/2026\/01\/958b827a-0a6c-4613-83e8-97219fa5d681.jpeg\"   alt=\"Varje g\u00e5ng f\u00e5ngarna ska f\u00f6rflyttas samlas de p\u00e5 ett st\u00e4lle f\u00f6r att st\u00e4lla sig i k\u00f6. Sedan r\u00f6r de sig i kolonner.\"\/><\/p>\n<p>      Varje g\u00e5ng f\u00e5ngarna ska f\u00f6rflyttas samlas de p\u00e5 ett st\u00e4lle f\u00f6r att st\u00e4lla sig i k\u00f6. Sedan r\u00f6r de sig i kolonner.<\/p>\n<p>      Foto: Daniel Costantini<\/p>\n<p><strong>Artur skickades<\/strong> flera g\u00e5nger till fr\u00e4msta linjen. Han f\u00f6rstod aldrig vad som egentligen kr\u00e4vdes av honom under dessa avancemang.<\/p>\n<p>\u2013 Vi var som blinda kattungar. Fattade inte vad vi skulle g\u00f6ra. Jag l\u00e5g i en grop och granater f\u00f6ll ner omkring mig, man kunde k\u00e4nna tryckv\u00e5gen, det sm\u00e4llde och sm\u00e4llde och jag var s\u00e4ker: N\u00e4sta granat faller ner i min grop.<\/p>\n<p>Under tiden jobbade hans hustru i Burjatien p\u00e5 att f\u00e5 hem honom. Efter n\u00e5gra m\u00e5nader lyckades hon f\u00e5 fram ett myndighetsbeslut att hennes man, i egenskap av flerbarnspappa, skulle skickas hem fr\u00e5n fronten.<\/p>\n<p>\u2013 Jag fick komma hem, men inte l\u00e4mna arm\u00e9n. De utredde saken i \u00f6ver ett \u00e5r. Sedan kom beskedet att eftersom alla barnen inte var mina biologiska g\u00e4llde undantaget inte mig. I b\u00f6rjan av \u00e5ret s\u00e4nde de mig tillbaka till fr\u00e4msta linjen utanf\u00f6r Artiomovsk (Bachmut).<\/p>\n<p>          <img decoding=\"async\" class=\"picture__img\" src=\"https:\/\/www.europesays.com\/se\/wp-content\/uploads\/2026\/01\/ff02f5b1-8843-42f1-95c7-becb06568c66.jpeg\"   alt=\"De h\u00e4r s\u00e4ckarna inneh\u00e5ller f\u00e5ngarnas kl\u00e4der, som de hade p\u00e5 sig n\u00e4r de kom till l\u00e4gret. Ofta \u00e4r de smutsiga, blodiga och trasiga. Varje s\u00e4ck \u00e4r f\u00f6rsedd med en namnlapp.\"\/><\/p>\n<p>      De h\u00e4r s\u00e4ckarna inneh\u00e5ller f\u00e5ngarnas kl\u00e4der, som de hade p\u00e5 sig n\u00e4r de kom till l\u00e4gret. Ofta \u00e4r de smutsiga, blodiga och trasiga. Varje s\u00e4ck \u00e4r f\u00f6rsedd med en namnlapp.<\/p>\n<p>      Foto: Daniel Costantini<\/p>\n<p><strong>Som en r\u00f6d tr\u00e5d<\/strong> i Arturs ber\u00e4ttelse g\u00e5r den ryska arm\u00e9ledningens syn p\u00e5 sina soldater. En enskild soldats liv \u00e4r noll v\u00e4rt. Man struntar ofta i att transportera bort s\u00e5rade.<\/p>\n<p>\u2013 Under v\u00e5ren blev jag s\u00e5rad av en dr\u00f6nare och hade f\u00e5tt kinden spr\u00e4ckt av splitter. Jag lyckades ta mig till ett bombskydd. D\u00e4r l\u00e5g redan en soldat som var s\u00e5rad och inte kunde g\u00e5. Han kunde inte ens krypa, eftersom armb\u00e5garna var skadade. Och ingen ville b\u00e4ra honom i s\u00e4kerhet, f\u00f6r d\u00e5 hade de sj\u00e4lva blivit tagna av en dr\u00f6nare.<\/p>\n<p>Mannen \u00f6verlevde p\u00e5 matransoner som andra soldater d\u00e5 och d\u00e5 l\u00e4mnade kvar \u00e5t honom. Det fanns inget vatten. Han drack sin egen urin.<\/p>\n<p>\u2013 Jag ville ta honom med mig. Men mellan oss och de bakre positionerna l\u00e5g ett stort \u00f6ppet f\u00e4lt. Dr\u00f6narna s\u00e5g allt, vi skulle b\u00e5da d\u00f6 om jag sl\u00e4pade honom. Jag var tvungen att l\u00e4mna honom d\u00e4r.<\/p>\n<blockquote class=\"ds-quote\">\n<p>    \u201dDet tredje alternativet var att d\u00f6. S\u00e5 jag hoppades p\u00e5 de tv\u00e5 f\u00f6rsta.\u201d\n  <\/p><\/blockquote>\n<p><strong>Artur har fortfarande<\/strong> ett stort, djupt \u00e4rr \u00f6ver kinden efter att ha f\u00e5tt splitter i ansiktet. N\u00e4sta g\u00e5ng han skulle skickas l\u00e4ngst fram f\u00f6rs\u00f6kte han v\u00e4gra.<\/p>\n<p>\u2013 D\u00e5 hotade bef\u00e4let med att s\u00e4nda mig till en \u00e4nnu v\u00e4rre bataljon, d\u00e4r jag helt s\u00e4kert skulle d\u00f6. Jag t\u00e4nkte att det \u00e4nd\u00e5 \u00e4r b\u00e4ttre att bli kvar p\u00e5 ett st\u00e4lle d\u00e4r jag k\u00e4nner folk.<\/p>\n<p>Han n\u00e4rde dock ett hopp.<\/p>\n<p>\u2013 Att jag skulle bli s\u00e5rad. Det hade varit det b\u00e4sta, f\u00f6r d\u00e5 hade jag f\u00e5tt \u00e5ka hem. Det n\u00e4st b\u00e4sta: Att bli tagen som krigsf\u00e5nge. Det tredje alternativet var att stupa. S\u00e5 jag hoppades p\u00e5 de tv\u00e5 f\u00f6rsta.<\/p>\n<p>          <img decoding=\"async\" class=\"picture__img\" src=\"https:\/\/www.europesays.com\/se\/wp-content\/uploads\/2026\/01\/3cf066ff-6993-43f3-a6c6-540391cb6c04.jpeg\"   alt=\"F\u00e5ngarna reng\u00f6r sina skor med hj\u00e4lp av tandborste och skoputs.\"\/><\/p>\n<p>      F\u00e5ngarna reng\u00f6r sina skor med hj\u00e4lp av tandborste och skoputs.<\/p>\n<p>      Foto: Daniel Costantini<\/p>\n<p><strong>Varken Artur eller Igor<\/strong> ville kriga. Samtidigt f\u00f6rst\u00e5r ingen av dem varf\u00f6r de sj\u00e4lva skulle ha n\u00e5got ansvar i det hela.<\/p>\n<p>\u2013 Jag \u00e4r en kille fr\u00e5n landet, hemma i Burjatien jobbade jag som v\u00e4ktare. Jag gjorde mina arbetsskift, jag hade min familj. Jag vet inte vad det h\u00e4r kriget handlar om, inte f\u00f6ljer jag med politik. Vi borde l\u00e4ra oss att komma \u00f6verens, i st\u00e4llet f\u00f6r att kriga, s\u00e4ger Artur.<\/p>\n<p><strong>Men det \u00e4r Ryssland som har anfallit Ukraina.<\/strong><\/p>\n<p>\u2013 Det \u00e4r illa, jag h\u00e5ller med. Men jag tycker \u00e4nd\u00e5 man kunde f\u00f6rs\u00f6ka. Om n\u00e5gon sl\u00e5r till en kan ju fr\u00e5ga den andra: Varf\u00f6r gjorde du s\u00e5? Alla har sin egen sanning.<\/p>\n<p><strong>Men sanningen \u00e4r den att det st\u00e5r ryska trupper i Ukraina, inte tv\u00e4rtom.<\/strong><\/p>\n<p>\u2013 Ja, det \u00e4r sant. Om jag visste mer om vad v\u00e5ra ledare vill med det h\u00e4r vore det l\u00e4ttare att svara.<\/p>\n<p>Ocks\u00e5 25-\u00e5riga Igor beskriver kriget som en \u201dsituation\u201d.<\/p>\n<p>\u2013 Jag visste ingenting om kriget, jag brukade aldrig titta p\u00e5 nyheterna. Men s\u00e5 hamnade jag i den h\u00e4r situationen.<\/p>\n<p><strong>Anser du i dag att det var r\u00e4tt beslut att \u00e5ka till fronten?<\/strong><\/p>\n<p>\u2013 Jag anser att jag hade enorm tur som hamnade i det h\u00e4r f\u00e5ngl\u00e4gret i st\u00e4llet f\u00f6r att d\u00f6.<\/p>\n<p>          De ryska krigsf\u00e5ngarna<\/p>\n<p><strong>Ukrainska myndigheter<\/strong> talar inte om hur m\u00e5nga ryska krigsf\u00e5ngar som finns i Ukraina. Antalet varierar hela tiden, eftersom Ukraina byter ut dem mot sina egna s\u00e5 fort de f\u00e5r en m\u00f6jlighet.<\/p>\n<p>Krigsf\u00e5ngarna ber\u00e4knas i dag vara mellan 500 och 2\u00a0000, placerade i fem f\u00e5ngl\u00e4ger \u00f6ver hela landet.<\/p>\n<p><strong>Ryska myndigheter<\/strong> till\u00e5ter inga bes\u00f6k hos ukrainska krigsf\u00e5ngar i Ryssland. I de flesta fall vet inte ens de ukrainska f\u00e5ngarnas anh\u00f6riga var de \u00e4r. Tortyr och misshandel av ukrainska f\u00e5ngar i ryska f\u00e4ngelser \u00e4r systematisk, n\u00e5got som bland annat <a href=\"https:\/\/www.hrw.org\/news\/2025\/12\/11\/russias-systematic-torture-of-ukrainian-pows\" rel=\"nofollow noopener\" target=\"_blank\">Human Rights Watch<\/a> har rapporterat om.<\/p>\n<p>            Visa mer<\/p>\n<p>            Visa mindre<\/p>\n","protected":false},"excerpt":{"rendered":"Artur, 32, l\u00e4ngtar hem till Burjatien. \u00c4nd\u00e5 skattar han sig lycklig \u00f6ver att sitta i ett ukrainskt f\u00e5ngl\u00e4ger.&hellip;\n","protected":false},"author":2,"featured_media":123158,"comment_status":"","ping_status":"","sticky":false,"template":"","format":"standard","meta":{"footnotes":""},"categories":[14],"tags":[22,23,26,27,17,21,24,25,28,29,15,16,18,34,31,33,32,30,19,20,51,52,53,54],"class_list":{"0":"post-123157","1":"post","2":"type-post","3":"status-publish","4":"format-standard","5":"has-post-thumbnail","7":"category-varlden","8":"tag-breaking-news","9":"tag-breakingnews","10":"tag-featured-news","11":"tag-featurednews","12":"tag-headlines","13":"tag-huvudnyheter","14":"tag-latest-news","15":"tag-latestnews","16":"tag-main-news","17":"tag-mainnews","18":"tag-news","19":"tag-nyheter","20":"tag-rubriker","21":"tag-se","22":"tag-svenska","23":"tag-sverige","24":"tag-sweden","25":"tag-swedish","26":"tag-top-stories","27":"tag-topstories","28":"tag-varlden","29":"tag-world","30":"tag-world-news","31":"tag-worldnews"},"share_on_mastodon":{"url":"https:\/\/pubeurope.com\/@se\/115824006507302183","error":""},"_links":{"self":[{"href":"https:\/\/www.europesays.com\/se\/wp-json\/wp\/v2\/posts\/123157","targetHints":{"allow":["GET"]}}],"collection":[{"href":"https:\/\/www.europesays.com\/se\/wp-json\/wp\/v2\/posts"}],"about":[{"href":"https:\/\/www.europesays.com\/se\/wp-json\/wp\/v2\/types\/post"}],"author":[{"embeddable":true,"href":"https:\/\/www.europesays.com\/se\/wp-json\/wp\/v2\/users\/2"}],"replies":[{"embeddable":true,"href":"https:\/\/www.europesays.com\/se\/wp-json\/wp\/v2\/comments?post=123157"}],"version-history":[{"count":0,"href":"https:\/\/www.europesays.com\/se\/wp-json\/wp\/v2\/posts\/123157\/revisions"}],"wp:featuredmedia":[{"embeddable":true,"href":"https:\/\/www.europesays.com\/se\/wp-json\/wp\/v2\/media\/123158"}],"wp:attachment":[{"href":"https:\/\/www.europesays.com\/se\/wp-json\/wp\/v2\/media?parent=123157"}],"wp:term":[{"taxonomy":"category","embeddable":true,"href":"https:\/\/www.europesays.com\/se\/wp-json\/wp\/v2\/categories?post=123157"},{"taxonomy":"post_tag","embeddable":true,"href":"https:\/\/www.europesays.com\/se\/wp-json\/wp\/v2\/tags?post=123157"}],"curies":[{"name":"wp","href":"https:\/\/api.w.org\/{rel}","templated":true}]}}