{"id":123159,"date":"2026-01-02T06:08:29","date_gmt":"2026-01-02T06:08:29","guid":{"rendered":"https:\/\/www.europesays.com\/se\/123159\/"},"modified":"2026-01-02T06:08:29","modified_gmt":"2026-01-02T06:08:29","slug":"fyrverkerier-skrammer-skottradda-hundar","status":"publish","type":"post","link":"https:\/\/www.europesays.com\/se\/123159\/","title":{"rendered":"Fyrverkerier skr\u00e4mmer skottr\u00e4dda hundar"},"content":{"rendered":"<p>S\u00e5 h\u00e4r \u00e5rs skrivs det ofta om fyrverkerier och andra pyrotekniska varor i f\u00f6rh\u00e5llande till djur\u00e4gare och skottr\u00e4dda husdjur. Fr\u00e5gan om huruvida f\u00f6rs\u00e4ljning av pyroteknik till privatpersoner b\u00f6r f\u00f6rbjudas dyker upp \u00e5r efter \u00e5r.\u00a0I Link\u00f6ping kr\u00e4vs inget tillst\u00e5nd fr\u00e5n Polisen f\u00f6r den som vill skjuta fyrverkerier utanf\u00f6r centrala staden under ny\u00e5rsnatten mellan klockan 18<\/p>\n","protected":false},"excerpt":{"rendered":"S\u00e5 h\u00e4r \u00e5rs skrivs det ofta om fyrverkerier och andra pyrotekniska varor i f\u00f6rh\u00e5llande till djur\u00e4gare och skottr\u00e4dda&hellip;\n","protected":false},"author":2,"featured_media":123160,"comment_status":"","ping_status":"","sticky":false,"template":"","format":"standard","meta":{"footnotes":""},"categories":[5],"tags":[22,23,26,27,17,21,24,25,28,29,15,16,18,34,31,33,32,30,19,20],"class_list":{"0":"post-123159","1":"post","2":"type-post","3":"status-publish","4":"format-standard","5":"has-post-thumbnail","7":"category-rubriker","8":"tag-breaking-news","9":"tag-breakingnews","10":"tag-featured-news","11":"tag-featurednews","12":"tag-headlines","13":"tag-huvudnyheter","14":"tag-latest-news","15":"tag-latestnews","16":"tag-main-news","17":"tag-mainnews","18":"tag-news","19":"tag-nyheter","20":"tag-rubriker","21":"tag-se","22":"tag-svenska","23":"tag-sverige","24":"tag-sweden","25":"tag-swedish","26":"tag-top-stories","27":"tag-topstories"},"share_on_mastodon":{"url":"https:\/\/pubeurope.com\/@se\/115824014278921568","error":""},"_links":{"self":[{"href":"https:\/\/www.europesays.com\/se\/wp-json\/wp\/v2\/posts\/123159","targetHints":{"allow":["GET"]}}],"collection":[{"href":"https:\/\/www.europesays.com\/se\/wp-json\/wp\/v2\/posts"}],"about":[{"href":"https:\/\/www.europesays.com\/se\/wp-json\/wp\/v2\/types\/post"}],"author":[{"embeddable":true,"href":"https:\/\/www.europesays.com\/se\/wp-json\/wp\/v2\/users\/2"}],"replies":[{"embeddable":true,"href":"https:\/\/www.europesays.com\/se\/wp-json\/wp\/v2\/comments?post=123159"}],"version-history":[{"count":0,"href":"https:\/\/www.europesays.com\/se\/wp-json\/wp\/v2\/posts\/123159\/revisions"}],"wp:featuredmedia":[{"embeddable":true,"href":"https:\/\/www.europesays.com\/se\/wp-json\/wp\/v2\/media\/123160"}],"wp:attachment":[{"href":"https:\/\/www.europesays.com\/se\/wp-json\/wp\/v2\/media?parent=123159"}],"wp:term":[{"taxonomy":"category","embeddable":true,"href":"https:\/\/www.europesays.com\/se\/wp-json\/wp\/v2\/categories?post=123159"},{"taxonomy":"post_tag","embeddable":true,"href":"https:\/\/www.europesays.com\/se\/wp-json\/wp\/v2\/tags?post=123159"}],"curies":[{"name":"wp","href":"https:\/\/api.w.org\/{rel}","templated":true}]}}